{"id":38439,"date":"2022-01-27T17:49:41","date_gmt":"2022-01-27T23:49:41","guid":{"rendered":"https:\/\/nvnoticias.mx\/?p=38439"},"modified":"2022-01-27T17:49:42","modified_gmt":"2022-01-27T23:49:42","slug":"beatriz-gutierrez-muller-y-marcelo-ebrard-rechazan-subasta-de-piezas-arqueologicas","status":"publish","type":"post","link":"https:\/\/nvnoticias.mx\/index.php\/2022\/01\/27\/beatriz-gutierrez-muller-y-marcelo-ebrard-rechazan-subasta-de-piezas-arqueologicas\/","title":{"rendered":"Beatriz Guti\u00e9rrez M\u00fcller y Marcelo Ebrard rechazan subasta de piezas arqueol\u00f3gicas"},"content":{"rendered":"\n<p>Beatriz Guti\u00e9rrez M\u00fcller\u00a0y el secretario de Relaciones Exteriores,\u00a0Marcelo Ebrard, se unieron a las expresiones de rechazo por la\u00a0venta de piezas arqueol\u00f3gicas\u00a0a trav\u00e9s de una subasta programada en Par\u00eds este viernes, y las cuales pertenecen al patrimonio nacional.<\/p>\n\n\n\n<p>A trav\u00e9s de Twitter, la\u00a0escritora y presidenta del Consejo Honorario de Memoria Hist\u00f3rica y Cultural de M\u00e9xico, manifest\u00f3 su completo rechazo a la venta de piezas, dijo, sustra\u00eddas de forma ilegal.<\/p>\n\n\n\n<figure class=\"wp-block-embed is-type-rich is-provider-twitter wp-block-embed-twitter\"><div class=\"wp-block-embed__wrapper\">\n<blockquote class=\"twitter-tweet\" data-width=\"550\" data-dnt=\"true\"><p lang=\"es\" dir=\"ltr\">Nos unimos a la protesta del Gobierno de M\u00e9xico en contra de la pr\u00f3xima subasta de 30 piezas, este viernes, en Par\u00eds. No queremos que nuestro patrimonio, sustra\u00eddo de forma ilegal, sea vendido. <a href=\"https:\/\/t.co\/MrxOhk85Pe\">pic.twitter.com\/MrxOhk85Pe<\/a><\/p>&mdash; Beatriz Guti\u00e9rrez M\u00fcller (@BeatrizGMuller) <a href=\"https:\/\/twitter.com\/BeatrizGMuller\/status\/1486813049990172675?ref_src=twsrc%5Etfw\">January 27, 2022<\/a><\/blockquote><script async src=\"https:\/\/platform.twitter.com\/widgets.js\" charset=\"utf-8\"><\/script>\n<\/div><\/figure>\n\n\n\n<p>Lo anterior luego de que el Gobierno Federal, as\u00ed como la\u00a0Secretar\u00eda de Cultura\u00a0alertara y se manifestara en contra de la venta de dichas piezas.<\/p>\n\n\n\n<p>Por su parte, el canciller\u00a0Marcelo Ebrard, indic\u00f3 que el gobierno de M\u00e9xico trabaja para impedir la venta de patrimonio art\u00edstico y cultural del pa\u00eds. Asimismo, destac\u00f3 que dentro de las labores ya se han recuperado m\u00e1s de 5 mil piezas.<\/p>\n\n\n\n<figure class=\"wp-block-embed is-type-rich is-provider-twitter wp-block-embed-twitter\"><div class=\"wp-block-embed__wrapper\">\n<blockquote class=\"twitter-tweet\" data-width=\"550\" data-dnt=\"true\"><p lang=\"es\" dir=\"ltr\">Luchamos en todos los espacios para impedir venta de patrimonio art\u00edstico y cultural de M\u00e9xico. Ya se han recuperado mas de 5 mil piezas. Seguimos, el que persevera alcanza. <a href=\"https:\/\/t.co\/loQIplL7SB\">https:\/\/t.co\/loQIplL7SB<\/a><\/p>&mdash; Marcelo Ebrard C. (@m_ebrard) <a href=\"https:\/\/twitter.com\/m_ebrard\/status\/1486713897847382025?ref_src=twsrc%5Etfw\">January 27, 2022<\/a><\/blockquote><script async src=\"https:\/\/platform.twitter.com\/widgets.js\" charset=\"utf-8\"><\/script>\n<\/div><\/figure>\n\n\n\n<p>Con la intenci\u00f3n de detener como en otras ocasiones,\u00a0Alejandra Frausto,\u00a0secretaria de Cultura, hizo p\u00fablica una carta que envi\u00f3 a la\u00a0Sociedad Mill\u00f3n\u00a0en la que expres\u00f3 su desaprobaci\u00f3n y rechazo por la subasta \u201cCarnets de Voyage &#8211; Opening Season Sale\u201d, que \u201ccontempla 34 piezas incluidas en 32 lotes anunciadas como de origen mesoamericano, de las cuales 30 son bienes arqueol\u00f3gicos que forman parte del patrimonio cultural de M\u00e9xico\u201d; sin embargo, no detall\u00f3 qui\u00e9n determin\u00f3 la autenticidad de las piezas atribuidas a culturas que habitaron el actual territorio mexicano.<\/p>\n\n\n\n<p>En su misiva, la funcionaria dijo que \u201capela a la \u00e9tica y respeto por el patrimonio cultural y hace un llamado a la Soci\u00e9t\u00e9 Millon a detener la subasta, tomando en consideraci\u00f3n los valores hist\u00f3ricos, simb\u00f3licos y culturales de dichos bienes, superiores a cualquier inter\u00e9s comercial. En el caso de M\u00e9xico, dichas piezas representan un legado invaluable de nuestras culturas ancestrales\u201d.<\/p>\n\n\n\n<p>Frausto tambi\u00e9n notific\u00f3 a la sociedad francesa que \u201cse han iniciado los procedimientos judiciales correspondientes ante las autoridades francesas sobre las piezas en cuesti\u00f3n, a trav\u00e9s de los canales diplom\u00e1ticos y legales oficiales, con el objetivo de proteger el patrimonio cultural de nuestro pa\u00eds\u201d, aunque no especific\u00f3 cu\u00e1ndo se comenzaron con las acciones legales.\u00a0<\/p>\n\n\n\n<p>Fuente: El Universal <\/p>\n","protected":false},"excerpt":{"rendered":"<p>Beatriz Guti\u00e9rrez M\u00fcller\u00a0y el secretario de Relaciones Exteriores,\u00a0Marcelo Ebrard, se unieron a las expresiones de rechazo por la\u00a0venta de piezas arqueol\u00f3gicas\u00a0a trav\u00e9s de una subasta programada en Par\u00eds este viernes, y las cuales pertenecen al patrimonio nacional. A trav\u00e9s de Twitter, la\u00a0escritora y presidenta del Consejo Honorario de Memoria Hist\u00f3rica y Cultural de M\u00e9xico, manifest\u00f3 [&hellip;]<\/p>\n","protected":false},"author":8,"featured_media":38440,"comment_status":"open","ping_status":"open","sticky":false,"template":"","format":"standard","meta":{"_monsterinsights_skip_tracking":false,"_monsterinsights_sitenote_active":false,"_monsterinsights_sitenote_note":"","_monsterinsights_sitenote_category":0,"footnotes":""},"categories":[157],"tags":[716,391,386],"class_list":["post-38439","post","type-post","status-publish","format-standard","has-post-thumbnail","hentry","category-nacional","tag-beatriz-gutierrez-muller","tag-marcelo-ebrard","tag-subasta","wp-image-borders"],"amp_enabled":true,"_links":{"self":[{"href":"https:\/\/nvnoticias.mx\/index.php\/wp-json\/wp\/v2\/posts\/38439","targetHints":{"allow":["GET"]}}],"collection":[{"href":"https:\/\/nvnoticias.mx\/index.php\/wp-json\/wp\/v2\/posts"}],"about":[{"href":"https:\/\/nvnoticias.mx\/index.php\/wp-json\/wp\/v2\/types\/post"}],"author":[{"embeddable":true,"href":"https:\/\/nvnoticias.mx\/index.php\/wp-json\/wp\/v2\/users\/8"}],"replies":[{"embeddable":true,"href":"https:\/\/nvnoticias.mx\/index.php\/wp-json\/wp\/v2\/comments?post=38439"}],"version-history":[{"count":1,"href":"https:\/\/nvnoticias.mx\/index.php\/wp-json\/wp\/v2\/posts\/38439\/revisions"}],"predecessor-version":[{"id":38441,"href":"https:\/\/nvnoticias.mx\/index.php\/wp-json\/wp\/v2\/posts\/38439\/revisions\/38441"}],"wp:featuredmedia":[{"embeddable":true,"href":"https:\/\/nvnoticias.mx\/index.php\/wp-json\/wp\/v2\/media\/38440"}],"wp:attachment":[{"href":"https:\/\/nvnoticias.mx\/index.php\/wp-json\/wp\/v2\/media?parent=38439"}],"wp:term":[{"taxonomy":"category","embeddable":true,"href":"https:\/\/nvnoticias.mx\/index.php\/wp-json\/wp\/v2\/categories?post=38439"},{"taxonomy":"post_tag","embeddable":true,"href":"https:\/\/nvnoticias.mx\/index.php\/wp-json\/wp\/v2\/tags?post=38439"}],"curies":[{"name":"wp","href":"https:\/\/api.w.org\/{rel}","templated":true}]}}