{"id":38421,"date":"2022-01-27T16:14:10","date_gmt":"2022-01-27T22:14:10","guid":{"rendered":"https:\/\/nvnoticias.mx\/?p=38421"},"modified":"2022-01-27T16:14:11","modified_gmt":"2022-01-27T22:14:11","slug":"jucopo-acuerda-desaparecer-comision-especial-sobre-veracruz","status":"publish","type":"post","link":"https:\/\/nvnoticias.mx\/index.php\/2022\/01\/27\/jucopo-acuerda-desaparecer-comision-especial-sobre-veracruz\/","title":{"rendered":"Jucopo acuerda desaparecer comisi\u00f3n especial sobre Veracruz"},"content":{"rendered":"\n<p>La\u00a0Junta de Coordinaci\u00f3n Pol\u00edtica\u00a0(Jucopo) acord\u00f3 la conclusi\u00f3n de los trabajos de la\u00a0Comisi\u00f3n Especial\u00a0 para determinar la existencia de abusos de autoridad y violaciones al Estado de Derecho en\u00a0Veracruz\u00a0y su desaparici\u00f3n, con el fin de desactivar el conflicto al interior del Grupo Parlamentario de Morena, luego de que la mitad de sus integrantes la calificaran de ilegal.<\/p>\n\n\n\n<p>El presidente de la Jucopo,\u00a0Ricardo Monreal \u00c1vila, rechaz\u00f3 que esto represente una derrota personal, pues asegur\u00f3 que en lo individual seguir\u00e1 luchando por los derechos de las v\u00edctimas, pero reconoci\u00f3 que era necesario atender los reclamos de sus compa\u00f1eros de bancada, a quienes respeta.\u00a0<\/p>\n\n\n\n<blockquote class=\"wp-block-quote is-layout-flow wp-block-quote-is-layout-flow\"><p>&#8220;<em>Como coordinador no debo de involucrar a todo el grupo, porque debo de reconocer que dentro del grupo hay diferencias<\/em>&#8220;, se\u00f1al\u00f3 al salir de la reuni\u00f3n privada con el resto de los coordinadores parlamentarios.<\/p><\/blockquote>\n\n\n\n<p>Monreal \u00c1vila inform\u00f3 que los m\u00e1s de 80 casos de violaciones graves en Veracruz que hab\u00edan sido documentados por la Comisi\u00f3n Especial, ser\u00e1n turnados a la Comisi\u00f3n Nacional de los Derechos Humanos y a la Comisi\u00f3n de Gobernaci\u00f3n del Senado.<\/p>\n\n\n\n<p>Un d\u00eda ante el\u00a0senador Dante Delgado Rannauro\u00a0present\u00f3 su\u00a0renuncia\u00a0a la presidencia de la\u00a0Comisi\u00f3n Especial\u00a0para Investigar\u00a0Abusos de Autoridad en Veracruz, al acusar que un grupo de legisladores de\u00a0Morena\u00a0la han obstaculizado al haberse pronunciado contra los trabajos que desarrolla dicha comisi\u00f3n legislativa, y se han puesto de lado de un gobernador \u201ccriminal\u201d, como\u00a0Cuitl\u00e1huac Garc\u00eda. <\/p>\n\n\n\n<p>En un mensaje a los medios de comunicaci\u00f3n, el senador veracruzano, coordinador nacional de Movimiento Ciudadano (MC), afirm\u00f3 que los senadores que se oponen a la comisi\u00f3n especial traicionan su juramento y a sus votantes, por defender a un mandatario estatal autoritario e incompetente.<\/p>\n\n\n\n<p>Fuente: El Universal <\/p>\n","protected":false},"excerpt":{"rendered":"<p>La\u00a0Junta de Coordinaci\u00f3n Pol\u00edtica\u00a0(Jucopo) acord\u00f3 la conclusi\u00f3n de los trabajos de la\u00a0Comisi\u00f3n Especial\u00a0 para determinar la existencia de abusos de autoridad y violaciones al Estado de Derecho en\u00a0Veracruz\u00a0y su desaparici\u00f3n, con el fin de desactivar el conflicto al interior del Grupo Parlamentario de Morena, luego de que la mitad de sus integrantes la calificaran de [&hellip;]<\/p>\n","protected":false},"author":8,"featured_media":38423,"comment_status":"open","ping_status":"open","sticky":false,"template":"","format":"standard","meta":{"_monsterinsights_skip_tracking":false,"_monsterinsights_sitenote_active":false,"_monsterinsights_sitenote_note":"","_monsterinsights_sitenote_category":0,"footnotes":""},"categories":[158],"tags":[8415,2199,162,180],"class_list":["post-38421","post","type-post","status-publish","format-standard","has-post-thumbnail","hentry","category-politica","tag-comision-especial","tag-jucopo","tag-portada","tag-veracruz","wp-image-borders"],"amp_enabled":true,"_links":{"self":[{"href":"https:\/\/nvnoticias.mx\/index.php\/wp-json\/wp\/v2\/posts\/38421","targetHints":{"allow":["GET"]}}],"collection":[{"href":"https:\/\/nvnoticias.mx\/index.php\/wp-json\/wp\/v2\/posts"}],"about":[{"href":"https:\/\/nvnoticias.mx\/index.php\/wp-json\/wp\/v2\/types\/post"}],"author":[{"embeddable":true,"href":"https:\/\/nvnoticias.mx\/index.php\/wp-json\/wp\/v2\/users\/8"}],"replies":[{"embeddable":true,"href":"https:\/\/nvnoticias.mx\/index.php\/wp-json\/wp\/v2\/comments?post=38421"}],"version-history":[{"count":1,"href":"https:\/\/nvnoticias.mx\/index.php\/wp-json\/wp\/v2\/posts\/38421\/revisions"}],"predecessor-version":[{"id":38424,"href":"https:\/\/nvnoticias.mx\/index.php\/wp-json\/wp\/v2\/posts\/38421\/revisions\/38424"}],"wp:featuredmedia":[{"embeddable":true,"href":"https:\/\/nvnoticias.mx\/index.php\/wp-json\/wp\/v2\/media\/38423"}],"wp:attachment":[{"href":"https:\/\/nvnoticias.mx\/index.php\/wp-json\/wp\/v2\/media?parent=38421"}],"wp:term":[{"taxonomy":"category","embeddable":true,"href":"https:\/\/nvnoticias.mx\/index.php\/wp-json\/wp\/v2\/categories?post=38421"},{"taxonomy":"post_tag","embeddable":true,"href":"https:\/\/nvnoticias.mx\/index.php\/wp-json\/wp\/v2\/tags?post=38421"}],"curies":[{"name":"wp","href":"https:\/\/api.w.org\/{rel}","templated":true}]}}