{"id":38378,"date":"2022-01-27T12:09:00","date_gmt":"2022-01-27T18:09:00","guid":{"rendered":"https:\/\/nvnoticias.mx\/?p=38378"},"modified":"2022-01-27T12:09:01","modified_gmt":"2022-01-27T18:09:01","slug":"desmiente-alejandra-guzman-cirugia-en-gluteos-y-problemas-de-salud-tras-su-contagio-de-covid","status":"publish","type":"post","link":"https:\/\/nvnoticias.mx\/index.php\/2022\/01\/27\/desmiente-alejandra-guzman-cirugia-en-gluteos-y-problemas-de-salud-tras-su-contagio-de-covid\/","title":{"rendered":"Desmiente Alejandra Guzm\u00e1n cirug\u00eda en gl\u00fateos y problemas de salud tras su contagio de covid"},"content":{"rendered":"\n<p>En medio de la pol\u00e9mica por el reciente arresto de\u00a0<strong>Frida Sof\u00eda<\/strong>\u00a0en Estados Unidos, corri\u00f3 el rumor de que\u00a0<strong>Alejandra Guzm\u00e1n<\/strong>\u00a0habr\u00eda sido sometida a una nueva cirug\u00eda en los gl\u00fateos por supuestas complicaciones derivado de su segundo contagio de\u00a0<strong>COVID-19<\/strong>. Al respecto, la int\u00e9rprete desminti\u00f3 que se encuentre pasando por complicaciones de su salud a trav\u00e9s de su representante.<\/p>\n\n\n\n<p>Fue el pasado 25 de enero cuando trascendi\u00f3 que la\u00a0<em>Reina de corazones\u00a0<\/em>habr\u00eda sido intervenida quir\u00fargicamente por un inconveniente en su cuerpo, seg\u00fan cont\u00f3 la periodista de espect\u00e1culos\u00a0<strong>Ana Mar\u00eda Alvarado<\/strong>\u00a0en su programa de YouTube,<em><strong>\u00a0El precio de la fama<\/strong><\/em>. Supuestamente sus contagios de coronavirus habr\u00eda descontrolado la infecci\u00f3n que tiene en el \u00e1rea de los gl\u00fateos por unos pol\u00edmeros.<\/p>\n\n\n\n<p>\u201cDesafortunadamente, la COVID que le dio primero, m\u00e1s este segundo,<strong>\u00a0activ\u00f3 nuevamente la infecci\u00f3n<\/strong>\u00a0en su cuerpo. Con esta ser\u00edan casi 40 cirug\u00edas a las que se ha sometido Alejandra Guzm\u00e1n (&#8230;) hasta que vuelve a tener temperaturas como la que ha tenido en estos d\u00edas, pues\u00a0<strong>es momento de una cirug\u00eda m\u00e1s<\/strong>\u201d, dijo la comunicadora.<\/p>\n\n\n\n<p>Tras el revuelo que se gener\u00f3 y la incertidumbre sobre su verdadero estado salud, Alejandra Guzm\u00e1n decidi\u00f3 poner un fin a las especulaciones a trav\u00e9s de su equipo de trabajo<em><strong>&nbsp;All Parts Move<\/strong><\/em>. El representante realiz\u00f3 una publicaci\u00f3n en Facebook donde asegur\u00f3 que la int\u00e9rprete mexicana se encuentra bien y actualmente se encuentra trabajando en la realizaci\u00f3n del sencillo que lanzar\u00e1 la pr\u00f3xima semana.<\/p>\n\n\n\n<p>\u201cRockeros! Por favor no se crean todo lo que ven en Internet.<strong>&nbsp;Por supuesto que Alejandra est\u00e1 viva y no en el hospital para ninguna cirug\u00eda. Est\u00e1 bien y trabajando fuerte<\/strong>\u201d, se lee en el posteo.<\/p>\n\n\n\n<p>Fue a principios de este a\u00f1o cuando Alejandra Guzm\u00e1n dio positivo a coronavirus por segunda ocasi\u00f3n despu\u00e9s de que estuvo en contacto con su madre,\u00a0<strong>Silvia Pinal<\/strong>, quien estuvo contagiada a mediados de diciembre del 2021. Afortunadamente, la cantante tuvo una \u00f3ptima recuperaci\u00f3n, lo que le permitir\u00e1 seguir adelante con sus proyectos como\u00a0<em><strong>Perr\u00edsimas tour\u00a0<\/strong><\/em>junto a\u00a0<strong>Paulina Rubio<\/strong>.<\/p>\n\n\n\n<p>Bajo este contexto es importante recordar que la int\u00e9rprete de&nbsp;<em>Yo te esperaba<\/em>&nbsp;si enfrent\u00f3 un grave panorama de salud que puso en riesgo su vida hace algunos a\u00f1os. Alejandra fue v\u00edctima de negligencia cuando le inyectaron una sustancia no apta para el cuerpo humano en sus gl\u00fateos.<\/p>\n\n\n\n<p>A pesar de que ya se someti\u00f3 a m\u00faltiples cirug\u00edas para retirar el material y procurar la zona afectada, la hija de Enrique Guzm\u00e1n sigue padeciendo los estrados de la operaci\u00f3n est\u00e9tica fallida y explic\u00f3 que ya no piensa volver a pasar por lo mismo, as\u00ed lo comparti\u00f3 en una entrevista que cedi\u00f3 para el programa\u00a0<em>Venga la Alegr\u00eda<\/em>.<\/p>\n\n\n\n<p>Fuente: Infobae<\/p>\n","protected":false},"excerpt":{"rendered":"<p>En medio de la pol\u00e9mica por el reciente arresto de\u00a0Frida Sof\u00eda\u00a0en Estados Unidos, corri\u00f3 el rumor de que\u00a0Alejandra Guzm\u00e1n\u00a0habr\u00eda sido sometida a una nueva cirug\u00eda en los gl\u00fateos por supuestas complicaciones derivado de su segundo contagio de\u00a0COVID-19. Al respecto, la int\u00e9rprete desminti\u00f3 que se encuentre pasando por complicaciones de su salud a trav\u00e9s de su [&hellip;]<\/p>\n","protected":false},"author":35,"featured_media":38381,"comment_status":"open","ping_status":"open","sticky":false,"template":"","format":"standard","meta":{"_monsterinsights_skip_tracking":false,"_monsterinsights_sitenote_active":false,"_monsterinsights_sitenote_note":"","_monsterinsights_sitenote_category":0,"footnotes":""},"categories":[576],"tags":[9415,3296,8020,358,9416,2602,193],"class_list":["post-38378","post","type-post","status-publish","format-standard","has-post-thumbnail","hentry","category-ocio","tag-alejandra-guzman","tag-cirugia","tag-contagio","tag-covid","tag-gluteos","tag-problemas","tag-salud","wp-image-borders"],"amp_enabled":true,"_links":{"self":[{"href":"https:\/\/nvnoticias.mx\/index.php\/wp-json\/wp\/v2\/posts\/38378","targetHints":{"allow":["GET"]}}],"collection":[{"href":"https:\/\/nvnoticias.mx\/index.php\/wp-json\/wp\/v2\/posts"}],"about":[{"href":"https:\/\/nvnoticias.mx\/index.php\/wp-json\/wp\/v2\/types\/post"}],"author":[{"embeddable":true,"href":"https:\/\/nvnoticias.mx\/index.php\/wp-json\/wp\/v2\/users\/35"}],"replies":[{"embeddable":true,"href":"https:\/\/nvnoticias.mx\/index.php\/wp-json\/wp\/v2\/comments?post=38378"}],"version-history":[{"count":1,"href":"https:\/\/nvnoticias.mx\/index.php\/wp-json\/wp\/v2\/posts\/38378\/revisions"}],"predecessor-version":[{"id":38382,"href":"https:\/\/nvnoticias.mx\/index.php\/wp-json\/wp\/v2\/posts\/38378\/revisions\/38382"}],"wp:featuredmedia":[{"embeddable":true,"href":"https:\/\/nvnoticias.mx\/index.php\/wp-json\/wp\/v2\/media\/38381"}],"wp:attachment":[{"href":"https:\/\/nvnoticias.mx\/index.php\/wp-json\/wp\/v2\/media?parent=38378"}],"wp:term":[{"taxonomy":"category","embeddable":true,"href":"https:\/\/nvnoticias.mx\/index.php\/wp-json\/wp\/v2\/categories?post=38378"},{"taxonomy":"post_tag","embeddable":true,"href":"https:\/\/nvnoticias.mx\/index.php\/wp-json\/wp\/v2\/tags?post=38378"}],"curies":[{"name":"wp","href":"https:\/\/api.w.org\/{rel}","templated":true}]}}