{"id":38357,"date":"2022-01-27T11:21:56","date_gmt":"2022-01-27T17:21:56","guid":{"rendered":"https:\/\/nvnoticias.mx\/?p=38357"},"modified":"2022-01-27T11:21:57","modified_gmt":"2022-01-27T17:21:57","slug":"cumple-34-anos-el-fantasma-de-la-opera-en-broadway","status":"publish","type":"post","link":"https:\/\/nvnoticias.mx\/index.php\/2022\/01\/27\/cumple-34-anos-el-fantasma-de-la-opera-en-broadway\/","title":{"rendered":"Cumple 34 a\u00f1os &#8220;El fantasma de la \u00f3pera&#8221; en  Broadway"},"content":{"rendered":"\n<p>El musical\u00a0&#8220;El fantasma de la \u00f3pera&#8221;\u00a0celebra 34 a\u00f1os de estar en la cartelera de la meca del teatro, Broadway.<\/p>\n\n\n\n<p>Fue un 26 de enero de 1988 que esta puesta en escena levant\u00f3 el tel\u00f3n en el Teatro Majestic de la ciudad de Nueva York, en el coraz\u00f3n del distrito teatral.<\/p>\n\n\n\n<p>Desde entonces, han sido varios los actores que han dado vida al Fantasma, personaje principal de la historia y quien est\u00e1 enamorado de la joven bailarina y cantante de \u00f3pera Christine Daa\u00e9.<\/p>\n\n\n\n<p>Zona Pop CNN convers\u00f3 con el actor\u00a0Ben Crawford, quien da vida a este reconocido personaje sobre los 34 a\u00f1os que celebra este musical.<\/p>\n\n\n\n<p>Basado en el libro de Gast\u00f3n Leroux &#8220;Le fant\u00f3me de L&#8217;\u00d3pera&#8221;, en que una joven bailarina y aspirante a cantante de \u00f3pera, Christine Daa\u00e9, se convierte en la musa y extra\u00f1a obsesi\u00f3n de un fantasma en la \u00d3pera de Par\u00eds.<\/p>\n\n\n\n<p>\u00bfQu\u00e9 tiene \u201cEl Fantasma de la \u00f3pera\u201d, que todo el que la ve queda fascinado?<\/p>\n\n\n\n<p>&#8220;Tiene una historia de amor atemporal, y creo que tiene un poco de todo. Tienes a este hombre que se ha enamorado de alguien. \u00c9l no es de ese mundo y la mujer se siente atra\u00edda por alguien con quien est\u00e1 m\u00e1s conectada&#8221;, asegura Crawford.<\/p>\n\n\n\n<p>&#8220;Est\u00e1 la lucha por el amor. Hay intriga. Est\u00e1n los giros y vueltas. Tiene un poco de todo. Y creo que es por eso que \u201cEl fantasma de la \u00f3pera\u201d ha sido capaz de resistir el paso del tiempo&#8221;, a\u00f1ade el actor.<\/p>\n\n\n\n<p>&#8220;El fantasma de la \u00f3pera&#8221; se ha presentado en ciudades como Buenos Aires, Sao Paulo, Madrid, Ciudad de M\u00e9xico y Mosc\u00fa, entre otras tantas.<\/p>\n\n\n\n<p>Sin duda, el musical por excelencia en Broadway contin\u00faa tan vivo como hace 34 a\u00f1os. Una recomendaci\u00f3n para cualquier persona que nunca ha visto un musical y quiere vivir una gran historia.<\/p>\n\n\n\n<p>La orquesta en vivo, el vestuario, la escenograf\u00eda y el elenco son los elementos que en conjunto hacen que el musical de Lloyd Webber sea, sencillamente, espectacular.<\/p>\n\n\n\n<p>Fuente: CNN<\/p>\n","protected":false},"excerpt":{"rendered":"<p>El musical\u00a0&#8220;El fantasma de la \u00f3pera&#8221;\u00a0celebra 34 a\u00f1os de estar en la cartelera de la meca del teatro, Broadway. Fue un 26 de enero de 1988 que esta puesta en escena levant\u00f3 el tel\u00f3n en el Teatro Majestic de la ciudad de Nueva York, en el coraz\u00f3n del distrito teatral. Desde entonces, han sido varios [&hellip;]<\/p>\n","protected":false},"author":35,"featured_media":38358,"comment_status":"open","ping_status":"open","sticky":false,"template":"","format":"standard","meta":{"_monsterinsights_skip_tracking":false,"_monsterinsights_sitenote_active":false,"_monsterinsights_sitenote_note":"","_monsterinsights_sitenote_category":0,"footnotes":""},"categories":[576],"tags":[9402,7900,9401],"class_list":["post-38357","post","type-post","status-publish","format-standard","has-post-thumbnail","hentry","category-ocio","tag-broadway","tag-cumple","tag-el-fantasma-de-la-opera","wp-image-borders"],"amp_enabled":true,"_links":{"self":[{"href":"https:\/\/nvnoticias.mx\/index.php\/wp-json\/wp\/v2\/posts\/38357","targetHints":{"allow":["GET"]}}],"collection":[{"href":"https:\/\/nvnoticias.mx\/index.php\/wp-json\/wp\/v2\/posts"}],"about":[{"href":"https:\/\/nvnoticias.mx\/index.php\/wp-json\/wp\/v2\/types\/post"}],"author":[{"embeddable":true,"href":"https:\/\/nvnoticias.mx\/index.php\/wp-json\/wp\/v2\/users\/35"}],"replies":[{"embeddable":true,"href":"https:\/\/nvnoticias.mx\/index.php\/wp-json\/wp\/v2\/comments?post=38357"}],"version-history":[{"count":1,"href":"https:\/\/nvnoticias.mx\/index.php\/wp-json\/wp\/v2\/posts\/38357\/revisions"}],"predecessor-version":[{"id":38359,"href":"https:\/\/nvnoticias.mx\/index.php\/wp-json\/wp\/v2\/posts\/38357\/revisions\/38359"}],"wp:featuredmedia":[{"embeddable":true,"href":"https:\/\/nvnoticias.mx\/index.php\/wp-json\/wp\/v2\/media\/38358"}],"wp:attachment":[{"href":"https:\/\/nvnoticias.mx\/index.php\/wp-json\/wp\/v2\/media?parent=38357"}],"wp:term":[{"taxonomy":"category","embeddable":true,"href":"https:\/\/nvnoticias.mx\/index.php\/wp-json\/wp\/v2\/categories?post=38357"},{"taxonomy":"post_tag","embeddable":true,"href":"https:\/\/nvnoticias.mx\/index.php\/wp-json\/wp\/v2\/tags?post=38357"}],"curies":[{"name":"wp","href":"https:\/\/api.w.org\/{rel}","templated":true}]}}