{"id":38096,"date":"2022-01-26T09:15:54","date_gmt":"2022-01-26T15:15:54","guid":{"rendered":"https:\/\/nvnoticias.mx\/?p=38096"},"modified":"2022-01-26T09:15:55","modified_gmt":"2022-01-26T15:15:55","slug":"suspendera-conacyt-becas-por-participar-en-protestas","status":"publish","type":"post","link":"https:\/\/nvnoticias.mx\/index.php\/2022\/01\/26\/suspendera-conacyt-becas-por-participar-en-protestas\/","title":{"rendered":"Suspender\u00e1 Conacyt becas por participar en protestas"},"content":{"rendered":"\n<p>El Consejo Nacional de Ciencia y Tecnolog\u00eda (<strong>Conacyt<\/strong>) suspender\u00e1 la entrega de becas a mexicanos que estudien en el extranjero si participan en manifestaciones pol\u00edticas y tambi\u00e9n a aquellos becarios extranjeros que est\u00e9n en M\u00e9xico se les suspender\u00e1 el&nbsp;<strong>apoyo econ\u00f3mico&nbsp;<\/strong>si participan en protestas de car\u00e1cter pol\u00edtico en cualquier parte del pa\u00eds.<\/p>\n\n\n\n<p>Pero eso no es todo, en el anteproyecto del Reglamento de Becas para el Fortalecimiento de la Comunidad de Humanidades, Ciencias, Tecnolog\u00edas e Innovaci\u00f3n enviado por el Conacyt a la Comisi\u00f3n de Mejora Regulatoria (<strong>Conamer<\/strong>) y que est\u00e1 en revisi\u00f3n, se indica que cuando una becaria se encuentre embarazada, en parto o puerperio se le suspender\u00e1 la beca que recibe en ese lapso.<\/p>\n\n\n\n<p>Se busca modificar el actual Reglamento de Becas del Programa de Fomento, Formaci\u00f3n y Consolidaci\u00f3n de Capital Humano de Alto Nivel, publicado en febrero de 2018 de esta forma: \u201cArt\u00edculo 16. A la o el becario le corresponder\u00e1, adem\u00e1s de cumplir con el objetivo para el cual se le asigna la beca o apoyo complementario, lo siguiente (\u2026) II. Obligaciones de becarios en el extranjero: La o el&nbsp;<strong>becario&nbsp;<\/strong>que realice sus estudios o proyecto fuera del pa\u00eds, as\u00ed como la o el&nbsp;<strong>becario extranjero<\/strong>&nbsp;que realice sus estudios en M\u00e9xico, deber\u00e1n respetar la legislaci\u00f3n y normativa del pa\u00eds anfitri\u00f3n, as\u00ed como abstenerse de participar en cualquier tipo de evento o manifestaci\u00f3n pol\u00edtica.<\/p>\n\n\n\n<p>Fuente: El universal<\/p>\n","protected":false},"excerpt":{"rendered":"<p>El Consejo Nacional de Ciencia y Tecnolog\u00eda (Conacyt) suspender\u00e1 la entrega de becas a mexicanos que estudien en el extranjero si participan en manifestaciones pol\u00edticas y tambi\u00e9n a aquellos becarios extranjeros que est\u00e9n en M\u00e9xico se les suspender\u00e1 el&nbsp;apoyo econ\u00f3mico&nbsp;si participan en protestas de car\u00e1cter pol\u00edtico en cualquier parte del pa\u00eds. Pero eso no es [&hellip;]<\/p>\n","protected":false},"author":35,"featured_media":25361,"comment_status":"open","ping_status":"open","sticky":false,"template":"","format":"standard","meta":{"_monsterinsights_skip_tracking":false,"_monsterinsights_sitenote_active":false,"_monsterinsights_sitenote_note":"","_monsterinsights_sitenote_category":0,"footnotes":""},"categories":[157],"tags":[2609,395,9295,162,3173,8235],"class_list":["post-38096","post","type-post","status-publish","format-standard","has-post-thumbnail","hentry","category-nacional","tag-becas","tag-conacyt","tag-participar","tag-portada","tag-protestas","tag-suspendera","wp-image-borders"],"amp_enabled":true,"_links":{"self":[{"href":"https:\/\/nvnoticias.mx\/index.php\/wp-json\/wp\/v2\/posts\/38096","targetHints":{"allow":["GET"]}}],"collection":[{"href":"https:\/\/nvnoticias.mx\/index.php\/wp-json\/wp\/v2\/posts"}],"about":[{"href":"https:\/\/nvnoticias.mx\/index.php\/wp-json\/wp\/v2\/types\/post"}],"author":[{"embeddable":true,"href":"https:\/\/nvnoticias.mx\/index.php\/wp-json\/wp\/v2\/users\/35"}],"replies":[{"embeddable":true,"href":"https:\/\/nvnoticias.mx\/index.php\/wp-json\/wp\/v2\/comments?post=38096"}],"version-history":[{"count":1,"href":"https:\/\/nvnoticias.mx\/index.php\/wp-json\/wp\/v2\/posts\/38096\/revisions"}],"predecessor-version":[{"id":38097,"href":"https:\/\/nvnoticias.mx\/index.php\/wp-json\/wp\/v2\/posts\/38096\/revisions\/38097"}],"wp:featuredmedia":[{"embeddable":true,"href":"https:\/\/nvnoticias.mx\/index.php\/wp-json\/wp\/v2\/media\/25361"}],"wp:attachment":[{"href":"https:\/\/nvnoticias.mx\/index.php\/wp-json\/wp\/v2\/media?parent=38096"}],"wp:term":[{"taxonomy":"category","embeddable":true,"href":"https:\/\/nvnoticias.mx\/index.php\/wp-json\/wp\/v2\/categories?post=38096"},{"taxonomy":"post_tag","embeddable":true,"href":"https:\/\/nvnoticias.mx\/index.php\/wp-json\/wp\/v2\/tags?post=38096"}],"curies":[{"name":"wp","href":"https:\/\/api.w.org\/{rel}","templated":true}]}}