{"id":37963,"date":"2022-01-25T11:15:51","date_gmt":"2022-01-25T17:15:51","guid":{"rendered":"https:\/\/nvnoticias.mx\/?p=37963"},"modified":"2022-01-25T11:15:52","modified_gmt":"2022-01-25T17:15:52","slug":"sev-no-reporta-casos-de-personal-que-se-niegue-a-vacunarse-contra-el-covid-19","status":"publish","type":"post","link":"https:\/\/nvnoticias.mx\/index.php\/2022\/01\/25\/sev-no-reporta-casos-de-personal-que-se-niegue-a-vacunarse-contra-el-covid-19\/","title":{"rendered":"SEV no reporta casos de personal que se niegue a vacunarse contra el covid-19"},"content":{"rendered":"\n<p><strong>Sam Ojeda \/ NV Noticias<\/strong><\/p>\n\n\n\n<p>Xalapa.- La oficial mayor de la Secretar\u00eda de Educaci\u00f3n de Veracruz (SEV), Ariadna Selena Aguilar Amaya, neg\u00f3 que haya docentes que se hayan negado a recibir la vacuna contra el covid-19.<\/p>\n\n\n\n<p>Dijo que la gran mayor\u00eda de los trabajadores del sector educativo ya fueron vacunados, y que esto ha ayudado a disminuir los contagios entre el personal.\u00a0<\/p>\n\n\n\n<blockquote class=\"wp-block-quote is-layout-flow wp-block-quote-is-layout-flow\"><p>\u201c<em>No ha sucedido, no tenemos alg\u00fan reporte de alg\u00fan compa\u00f1ero que se haya negado a vacunarse<\/em>\u201d, indic\u00f3.\u00a0<\/p><\/blockquote>\n\n\n\n<p>Agreg\u00f3 que los contagios que se registraron recientemente tuvieron una convalecencia de 10 d\u00edas y tras ello los maestros volvieron a su centro de trabajo.\u00a0<\/p>\n\n\n\n<p>En el caso de los menores de edad, dijo que si bien son 67 las escuelas que han reportado contagios entre personal y estudiantes, una vez pasado el riesgo volver\u00e1n a sus actividades de manera presencial.\u00a0<\/p>\n\n\n\n<blockquote class=\"wp-block-quote is-layout-flow wp-block-quote-is-layout-flow\"><p>\u201c<em>La estad\u00edstica ha estado muy tranquila, la vacunaci\u00f3n ha ayudado mucho y los menores tienen menos s\u00edntomas y consecuencias que los docentes\u201d<\/em>. \u00a0<\/p><\/blockquote>\n\n\n\n<p>La funcionaria record\u00f3 que durante la vacunaci\u00f3n de refuerzo contra el covid-19 se aplicaron dosis a m\u00e1s de 170 mil trabajadores, por lo cual dijo es una cifra alta.\u00a0<\/p>\n","protected":false},"excerpt":{"rendered":"<p>Sam Ojeda \/ NV Noticias Xalapa.- La oficial mayor de la Secretar\u00eda de Educaci\u00f3n de Veracruz (SEV), Ariadna Selena Aguilar Amaya, neg\u00f3 que haya docentes que se hayan negado a recibir la vacuna contra el covid-19. Dijo que la gran mayor\u00eda de los trabajadores del sector educativo ya fueron vacunados, y que esto ha ayudado [&hellip;]<\/p>\n","protected":false},"author":8,"featured_media":11405,"comment_status":"open","ping_status":"open","sticky":false,"template":"","format":"standard","meta":{"_monsterinsights_skip_tracking":false,"_monsterinsights_sitenote_active":false,"_monsterinsights_sitenote_note":"","_monsterinsights_sitenote_category":0,"footnotes":""},"categories":[156],"tags":[175,4569,1001,217],"class_list":["post-37963","post","type-post","status-publish","format-standard","has-post-thumbnail","hentry","category-estado","tag-covid-19","tag-personal","tag-sev","tag-vacuna","wp-image-borders"],"amp_enabled":true,"_links":{"self":[{"href":"https:\/\/nvnoticias.mx\/index.php\/wp-json\/wp\/v2\/posts\/37963","targetHints":{"allow":["GET"]}}],"collection":[{"href":"https:\/\/nvnoticias.mx\/index.php\/wp-json\/wp\/v2\/posts"}],"about":[{"href":"https:\/\/nvnoticias.mx\/index.php\/wp-json\/wp\/v2\/types\/post"}],"author":[{"embeddable":true,"href":"https:\/\/nvnoticias.mx\/index.php\/wp-json\/wp\/v2\/users\/8"}],"replies":[{"embeddable":true,"href":"https:\/\/nvnoticias.mx\/index.php\/wp-json\/wp\/v2\/comments?post=37963"}],"version-history":[{"count":1,"href":"https:\/\/nvnoticias.mx\/index.php\/wp-json\/wp\/v2\/posts\/37963\/revisions"}],"predecessor-version":[{"id":37964,"href":"https:\/\/nvnoticias.mx\/index.php\/wp-json\/wp\/v2\/posts\/37963\/revisions\/37964"}],"wp:featuredmedia":[{"embeddable":true,"href":"https:\/\/nvnoticias.mx\/index.php\/wp-json\/wp\/v2\/media\/11405"}],"wp:attachment":[{"href":"https:\/\/nvnoticias.mx\/index.php\/wp-json\/wp\/v2\/media?parent=37963"}],"wp:term":[{"taxonomy":"category","embeddable":true,"href":"https:\/\/nvnoticias.mx\/index.php\/wp-json\/wp\/v2\/categories?post=37963"},{"taxonomy":"post_tag","embeddable":true,"href":"https:\/\/nvnoticias.mx\/index.php\/wp-json\/wp\/v2\/tags?post=37963"}],"curies":[{"name":"wp","href":"https:\/\/api.w.org\/{rel}","templated":true}]}}