{"id":37929,"date":"2022-01-25T10:11:25","date_gmt":"2022-01-25T16:11:25","guid":{"rendered":"https:\/\/nvnoticias.mx\/?p=37929"},"modified":"2022-01-25T10:11:25","modified_gmt":"2022-01-25T16:11:25","slug":"pico-de-contagios-en-veracruz-ocurrira-a-inicios-de-febrero","status":"publish","type":"post","link":"https:\/\/nvnoticias.mx\/index.php\/2022\/01\/25\/pico-de-contagios-en-veracruz-ocurrira-a-inicios-de-febrero\/","title":{"rendered":"&#8220;Pico de contagios&#8221; en Veracruz ocurrir\u00e1 a inicios de febrero"},"content":{"rendered":"\n<p><strong>Sam Ojeda \/ NV Noticias<\/strong><\/p>\n\n\n\n<p>Xalapa.- Se prev\u00e9 que la cifra de contagios m\u00e1s alta por covid-19 se registre a finales de enero y principios de febrero, advirti\u00f3 el m\u00e9dico neum\u00f3logo, Ren\u00e9 Garc\u00eda Toral.<\/p>\n\n\n\n<p>Dijo que esto se debe a que la poblaci\u00f3n ya no sigue las recomendaciones de las autoridades en cuanto a la prevenci\u00f3n del contagio, adem\u00e1s de la presencia de variantes como \u00f3micron.\u00a0<\/p>\n\n\n\n<blockquote class=\"wp-block-quote is-layout-flow wp-block-quote-is-layout-flow\"><p>\u201c<em>De 15 a 20 d\u00edas veremos el pico, de dos a tre<\/em>s semana<em>s. El problema de la poblaci\u00f3n es que la gente est\u00e1 cansada, otros necesitan trabajar y desafortunadamente ser\u00e1 muy dif\u00edcil que nuevamente se discipline y se a\u00edsle<\/em>\u201d.<\/p><\/blockquote>\n\n\n\n<p>Consider\u00f3 que si la poblaci\u00f3n no est\u00e1 dispuesta a hacer m\u00e1s sacrificios lo menos que puede hacer es usar el cubrebocas para reducir la curva de contagios y que no se incrementen los casos.<\/p>\n\n\n\n<p>Adem\u00e1s, se\u00f1al\u00f3 que a pesar de que la entidad veracruzana sigue en color verde en el sem\u00e1foro epidemiol\u00f3gico por el n\u00famero de casos y el subregistro de estos deb\u00eda ya estar al menos en color amarillo, de riesgo medio.\u00a0<\/p>\n\n\n\n<blockquote class=\"wp-block-quote is-layout-flow wp-block-quote-is-layout-flow\"><p>\u201c<em>Es tiempo de que se ponga en amarillo en todo el estado porque hay muchos casos; a diferencia de las poblaci\u00f3n grandes en los pueblos la gente no se practica pruebas y no va tanto al sector salud; es decir, que el hecho de que no se registren no quiere decir que no haya casos, hay un subregistro en las poblaciones m\u00e1s peque\u00f1as y por eso posiblemente no se detecte<\/em>\u201d, advirti\u00f3 \u00a0<\/p><\/blockquote>\n","protected":false},"excerpt":{"rendered":"<p>Sam Ojeda \/ NV Noticias Xalapa.- Se prev\u00e9 que la cifra de contagios m\u00e1s alta por covid-19 se registre a finales de enero y principios de febrero, advirti\u00f3 el m\u00e9dico neum\u00f3logo, Ren\u00e9 Garc\u00eda Toral. Dijo que esto se debe a que la poblaci\u00f3n ya no sigue las recomendaciones de las autoridades en cuanto a la [&hellip;]<\/p>\n","protected":false},"author":8,"featured_media":18166,"comment_status":"open","ping_status":"open","sticky":false,"template":"","format":"standard","meta":{"_monsterinsights_skip_tracking":false,"_monsterinsights_sitenote_active":false,"_monsterinsights_sitenote_note":"","_monsterinsights_sitenote_category":0,"footnotes":""},"categories":[156],"tags":[293,175,180],"class_list":["post-37929","post","type-post","status-publish","format-standard","has-post-thumbnail","hentry","category-estado","tag-contagios","tag-covid-19","tag-veracruz","wp-image-borders"],"amp_enabled":true,"_links":{"self":[{"href":"https:\/\/nvnoticias.mx\/index.php\/wp-json\/wp\/v2\/posts\/37929","targetHints":{"allow":["GET"]}}],"collection":[{"href":"https:\/\/nvnoticias.mx\/index.php\/wp-json\/wp\/v2\/posts"}],"about":[{"href":"https:\/\/nvnoticias.mx\/index.php\/wp-json\/wp\/v2\/types\/post"}],"author":[{"embeddable":true,"href":"https:\/\/nvnoticias.mx\/index.php\/wp-json\/wp\/v2\/users\/8"}],"replies":[{"embeddable":true,"href":"https:\/\/nvnoticias.mx\/index.php\/wp-json\/wp\/v2\/comments?post=37929"}],"version-history":[{"count":1,"href":"https:\/\/nvnoticias.mx\/index.php\/wp-json\/wp\/v2\/posts\/37929\/revisions"}],"predecessor-version":[{"id":37933,"href":"https:\/\/nvnoticias.mx\/index.php\/wp-json\/wp\/v2\/posts\/37929\/revisions\/37933"}],"wp:featuredmedia":[{"embeddable":true,"href":"https:\/\/nvnoticias.mx\/index.php\/wp-json\/wp\/v2\/media\/18166"}],"wp:attachment":[{"href":"https:\/\/nvnoticias.mx\/index.php\/wp-json\/wp\/v2\/media?parent=37929"}],"wp:term":[{"taxonomy":"category","embeddable":true,"href":"https:\/\/nvnoticias.mx\/index.php\/wp-json\/wp\/v2\/categories?post=37929"},{"taxonomy":"post_tag","embeddable":true,"href":"https:\/\/nvnoticias.mx\/index.php\/wp-json\/wp\/v2\/tags?post=37929"}],"curies":[{"name":"wp","href":"https:\/\/api.w.org\/{rel}","templated":true}]}}