{"id":37786,"date":"2022-01-24T10:59:11","date_gmt":"2022-01-24T16:59:11","guid":{"rendered":"https:\/\/nvnoticias.mx\/?p=37786"},"modified":"2022-01-24T10:59:12","modified_gmt":"2022-01-24T16:59:12","slug":"algo-hicimos-mal","status":"publish","type":"post","link":"https:\/\/nvnoticias.mx\/index.php\/2022\/01\/24\/algo-hicimos-mal\/","title":{"rendered":"Algo hicimos mal"},"content":{"rendered":"\n<p>Es evidente que estamos viendo el surgimiento de un M\u00e9xico encabronado y resentido\u2026 con justa raz\u00f3n. La falta de oportunidades es la culpable de las desigualdades sociales y econ\u00f3micas. Esto nos lleva a entender que este es un pa\u00eds de graves carencias, donde a muchos les falta lo b\u00e1sico.<\/p>\n\n\n\n<p>Tambi\u00e9n debemos reconocer que esta injusta circunstancia ha tenido dos pilares: la estrategia gubernamental de \u201cadministrar la pobreza\u201d con paliativos econ\u00f3micos que ayudan a las familias en lo inmediato, pero no resuelven de fondo la problem\u00e1tica. Adem\u00e1s, una visi\u00f3n tradicionalista de la cultura empresarial, -centrada en las utilidades-, pero sin compromiso social.<\/p>\n\n\n\n<p>Es evidente que un indicador del desarrollo de un pa\u00eds es que el grueso de su poblaci\u00f3n est\u00e9 conformado por la clase media. Este es un segmento que vive confortablemente, sin problemas econ\u00f3micos y con poder de compra. Adem\u00e1s, es autosuficiente financieramente y su calidad de vida depende de su propia productividad. Por tanto, no depende de ning\u00fan modo de ayudas gubernamentales. De este modo, la clase media es pol\u00edticamente independiente, cr\u00edtica y exigente de sus derechos, pues est\u00e1 consciente de que el gobierno vive a costa de sus impuestos.<\/p>\n\n\n\n<p>Esto nos explica por qu\u00e9 la 4T le tiene tanto miedo a la clase media. El presidente L\u00f3pez Obrador ya ha manifestado sus cr\u00edticas a la clase media en una de sus \u201cma\u00f1aneras\u201d.<\/p>\n\n\n\n<p>S\u00f3lo nos queda preguntar \u00bfPor qu\u00e9 fustigar el leg\u00edtimo derecho que tiene cada mexicano de tener aspiraciones consumistas? A final de cuentas el consumismo es el motor de la econom\u00eda, pues genera productividad y con ello m\u00e1s empleos. \u00bfPor qu\u00e9 debiese cada mexicano conformarse con un par de zapatos en lugar de estimularlo a que tenga aspiraciones de vivir en un entorno de bonanza?<\/p>\n\n\n\n<p>La \u00fanica raz\u00f3n es que la pobreza ha sido, es y ser\u00e1, una reserva electoral para el gobierno en turno si no rompemos este c\u00edrculo vicioso de la dependencia. Por ello, en M\u00e9xico a\u00fan seguimos en la cultura de la \u201cd\u00e1diva\u201d a trav\u00e9s de los programas sociales, en lugar de generar condiciones para ofrecer oportunidades laborales y de negocio para que las familias mexicanas vulnerables abandonen la pobreza para siempre.<\/p>\n\n\n\n<p>Como referencia podemos decir que con una visi\u00f3n de libre mercado varios pa\u00edses asi\u00e1ticos que hasta pocos a\u00f1os estaban atrasados y algunos hasta en guerra, -como la Rep\u00fablica de Corea y Viet Nam-, adem\u00e1s de otros que hoy son potencias econ\u00f3micas, -como Singapur y Taiwan- , s\u00f3lo por citar algunos, han logrado abatir la pobreza.<\/p>\n\n\n\n<p>Lo mismo sucede con los Emiratos \u00c1rabes Unidos, donde Abu Dabi y Dubai se han convertido en ejemplos de calidad de vida para su poblaci\u00f3n. El petr\u00f3leo sirvi\u00f3 para impulsar la econom\u00eda de los EAU, pero hoy se est\u00e1n diversificando hacia nuevos sectores econ\u00f3micos con mucho \u00e9xito.<\/p>\n\n\n\n<p>Por otra parte, nos encontramos con una cultura empresarial que estimula la visi\u00f3n de los negocios como simples generadores de dinero. Esta ausencia de visi\u00f3n social no ha estimulado pr\u00e1cticas solidarias para con empleados y trabajadores.<\/p>\n\n\n\n<p>Por tanto, existen dos visiones: la gubernamental, que intencionalmente busca proteger su reserva electoral propiciando dependencia econ\u00f3mica y agradecimiento a partir de las d\u00e1divas,<\/p>\n\n\n\n<p>disfraz\u00e1ndolas como pol\u00edticas sociales y por otra parte, tenemos la falta de salarios justos y prestaciones, que constituyen la tradicional y ancestral pr\u00e1ctica de los negocios.<\/p>\n\n\n\n<p>Sin embargo, mientras los resentimientos se azuzan desde la 4T para frenar la movilidad social, que es leg\u00edtimamente \u201caspiracional\u201d y se pretende dividir a la sociedad para controlarla a trav\u00e9s de los programas asistenciales, en contraste hoy vemos que desde algunos \u00e1mbitos de los organismos empresariales c\u00fapula surge una convocatoria para cambiar radicalmente nuestra cultura empresarial.<\/p>\n\n\n\n<p>Despu\u00e9s de hacerse autocr\u00edtica a s\u00ed mismos, desde los organismos c\u00fapula empresariales hoy surge un planteamiento solidario, con visi\u00f3n de futuro, que puede representar un cambio verdadero en la forma de transformar las relaciones laborales.<\/p>\n\n\n\n<p>De hecho, la iniciativa para el incremento al salario m\u00ednimo otorgado al inicio de este sexenio, no parti\u00f3 del gobierno federal, sino que fue una oferta que naci\u00f3 del sector empresarial, inici\u00e1ndose en 2016 trav\u00e9s de Coparmex, aunque el gobierno federal se haya adjudicado de forma unilateral este m\u00e9rito.<\/p>\n\n\n\n<p>Max Weber, soci\u00f3logo alem\u00e1n de inicios del siglo XX, en su libro \u201cLa \u00e9tica protestante y el esp\u00edritu del capitalismo\u201d, -publicado en 1905-, define las diferencias fundamentales entre las visiones productivas prevalecientes en el mundo.<\/p>\n\n\n\n<p>Describe que el \u00e9xito de las principales potencias econ\u00f3micas del mundo se sustenta en la responsabilidad social planteada por las doctrinas protestantes, que profesan esos pa\u00edses. El protestantismo define que el trabajo enriquece el esp\u00edritu y adem\u00e1s, ofrece la oportunidad de generar riqueza que se reinvierte para generar empleos y ofrecer prosperidad para toda la comunidad.<\/p>\n\n\n\n<p>El mi\u00e9rcoles 19 de enero Juan Pablo Casta\u00f1\u00f3n, -ex presidente nacional de Coparmex y del Consejo Coordinador Empresarial-, dio una pl\u00e1tica en Veracruz ante los socios de esa agrupaci\u00f3n empresarial.<\/p>\n\n\n\n<p>El centro de las propuestas fue la necesidad de replantear la misi\u00f3n emprendedora para ubicarla como una actividad que debe tener como prioridad el beneficio colectivo, en una dimensi\u00f3n econ\u00f3mica centrada en las personas, en lo que se podr\u00eda definir como una econom\u00eda humanista.<\/p>\n\n\n\n<p>Esta visi\u00f3n econ\u00f3mica inicia con el reconocimiento de que \u201calgo hicimos mal\u201d, pues como empresarios olvidamos el compromiso con la sociedad, por tener centrada toda nuestra atenci\u00f3n en los resultados econ\u00f3micos.<\/p>\n\n\n\n<p>Sin embargo, -a partir de esta reflexi\u00f3n-, Casta\u00f1\u00f3n propone promover una visi\u00f3n empresarial humanista, centrada en el compromiso social, sin descuidar los objetivos de las empresas, que es generar utilidades.<\/p>\n\n\n\n<p>Solamente generando buenos resultados se podr\u00e1 compartir la bonanza con el personal y estimular que esta llegue tambi\u00e9n a toda la cadena productiva que est\u00e1 detr\u00e1s de cada negocio y empresa. S\u00f3lo a partir de una actitud empresarial solidaria se podr\u00e1 transformar a este pa\u00eds.<\/p>\n\n\n\n<p>El reto no es desestimular a los que han tenido \u00e9xito como retribuci\u00f3n a su esfuerzo, trabajo y dedicaci\u00f3n, sino estimular la productividad para que haya mucho m\u00e1s para compartir.<\/p>\n\n\n\n<p>LA SANTIFICACI\u00d3N DE LOS CULPABLES<\/p>\n\n\n\n<p>\u00bfPor qu\u00e9 ser\u00e1 que cada vez que alguien cercano a nuestro presidente es cuestionado, en lugar de solicitar una investigaci\u00f3n a fondo para exonerarlo, o si es culpable, hacerle caer el peso de la ley, sale a defenderlo?<\/p>\n\n\n\n<p>Esto es lo que han hecho todos los presidentes anteriores\u2026 pues no han querido enterarse de la verdad. Si Pe\u00f1a Nieto defendi\u00f3 a Rosario Robles y desestim\u00f3 las pruebas de la denominada \u201cestafa maestra\u201d, hoy vemos que este presidente igual protege a Delfina G\u00f3mez respecto de la acusaci\u00f3n del \u201cdiezmo\u201d. \u00bfEsta es la nueva forma de aplicar justicia?<\/p>\n\n\n\n<p>Es evidente que no existe el inter\u00e9s ni la predisposici\u00f3n presidencial por descubrir la verdad y por ello exonera a sus colaboradores a priori, asumiendo que existe una campa\u00f1a en su contra.<\/p>\n\n\n\n<p>El caso de la ex directora general del DIF, Roc\u00edo Garc\u00eda P\u00e9rez, es muy descriptivo, pues ha sido denunciada por cinco funcionarios de ese instituto por obligarlos a devolver en efectivo, cantidades equivalentes hasta el 4% de su salario mensual. Sin embargo, no s\u00f3lo no fue investigada, sino que fue ascendida a subsecretaria dentro de la Secretar\u00eda del Bienestar.<\/p>\n\n\n\n<p>El evidente mensaje al pueblo es: \u201cla corrupci\u00f3n est\u00e1 en otra parte\u201d.<\/p>\n\n\n\n<p>\u00bfA usted qu\u00e9 le parece?<\/p>\n\n\n\n<p>Facebook: @Ricardo.Homs1<\/p>\n\n\n\n<p>Twitter: @homsricardo<\/p>\n\n\n\n<p>Linkedin: Ricardo Homs<\/p>\n\n\n\n<p>www.ricardohoms.com<\/p>\n","protected":false},"excerpt":{"rendered":"<p>Es evidente que estamos viendo el surgimiento de un M\u00e9xico encabronado y resentido\u2026 con justa raz\u00f3n. La falta de oportunidades es la culpable de las desigualdades sociales y econ\u00f3micas. Esto nos lleva a entender que este es un pa\u00eds de graves carencias, donde a muchos les falta lo b\u00e1sico. Tambi\u00e9n debemos reconocer que esta injusta [&hellip;]<\/p>\n","protected":false},"author":18,"featured_media":37787,"comment_status":"open","ping_status":"open","sticky":false,"template":"","format":"standard","meta":{"_monsterinsights_skip_tracking":false,"_monsterinsights_sitenote_active":false,"_monsterinsights_sitenote_note":"","_monsterinsights_sitenote_category":0,"footnotes":""},"categories":[246],"tags":[173],"class_list":["post-37786","post","type-post","status-publish","format-standard","has-post-thumbnail","hentry","category-ricardo-homs","tag-ricardo-homs","wp-image-borders"],"amp_enabled":true,"_links":{"self":[{"href":"https:\/\/nvnoticias.mx\/index.php\/wp-json\/wp\/v2\/posts\/37786","targetHints":{"allow":["GET"]}}],"collection":[{"href":"https:\/\/nvnoticias.mx\/index.php\/wp-json\/wp\/v2\/posts"}],"about":[{"href":"https:\/\/nvnoticias.mx\/index.php\/wp-json\/wp\/v2\/types\/post"}],"author":[{"embeddable":true,"href":"https:\/\/nvnoticias.mx\/index.php\/wp-json\/wp\/v2\/users\/18"}],"replies":[{"embeddable":true,"href":"https:\/\/nvnoticias.mx\/index.php\/wp-json\/wp\/v2\/comments?post=37786"}],"version-history":[{"count":1,"href":"https:\/\/nvnoticias.mx\/index.php\/wp-json\/wp\/v2\/posts\/37786\/revisions"}],"predecessor-version":[{"id":37788,"href":"https:\/\/nvnoticias.mx\/index.php\/wp-json\/wp\/v2\/posts\/37786\/revisions\/37788"}],"wp:featuredmedia":[{"embeddable":true,"href":"https:\/\/nvnoticias.mx\/index.php\/wp-json\/wp\/v2\/media\/37787"}],"wp:attachment":[{"href":"https:\/\/nvnoticias.mx\/index.php\/wp-json\/wp\/v2\/media?parent=37786"}],"wp:term":[{"taxonomy":"category","embeddable":true,"href":"https:\/\/nvnoticias.mx\/index.php\/wp-json\/wp\/v2\/categories?post=37786"},{"taxonomy":"post_tag","embeddable":true,"href":"https:\/\/nvnoticias.mx\/index.php\/wp-json\/wp\/v2\/tags?post=37786"}],"curies":[{"name":"wp","href":"https:\/\/api.w.org\/{rel}","templated":true}]}}