{"id":37608,"date":"2022-01-22T11:54:43","date_gmt":"2022-01-22T17:54:43","guid":{"rendered":"https:\/\/nvnoticias.mx\/?p=37608"},"modified":"2022-01-22T11:54:44","modified_gmt":"2022-01-22T17:54:44","slug":"ordena-juez-liberar-a-lozoya-por-caso-agronitrogenados-pero-seguira-en-prision-por-odebrecht","status":"publish","type":"post","link":"https:\/\/nvnoticias.mx\/index.php\/2022\/01\/22\/ordena-juez-liberar-a-lozoya-por-caso-agronitrogenados-pero-seguira-en-prision-por-odebrecht\/","title":{"rendered":"Ordena Juez liberar a Lozoya por caso Agronitrogenados pero seguir\u00e1 en prisi\u00f3n por Odebrecht"},"content":{"rendered":"\n<p>Un juez federal orden\u00f3 liberar a\u00a0Emilio Lozoya, ex director de Petr\u00f3leos Mexicanos (Pemex), y colocarle un brazalete con localizador como medida cautelar tras permanecer en prisi\u00f3n preventiva justificada durante m\u00e1s de tres meses\u00a0en el reclusorio Norte, en la Ciudad de M\u00e9xico; sin embargo, se trata de una\u00a0medida cautelar en el proceso que se sigue en su contra por el caso de Agronitrogenados, por lo que sigue vigente la prisi\u00f3n preventiva por la investigaci\u00f3n entorno a los presuntos sobornos de Odebrecht. <\/p>\n\n\n\n<p>La Unidad de Inteligencia Financiera(UIF) y la Fiscal\u00eda General de la Rep\u00fablica (FGR), la parte acusadora en el juicio de Emilio Lozoya, apelaron la resoluci\u00f3n del juez que se dict\u00f3 el viernes 21 de enero, para impedir que salga del reclusorio Norte donde a\u00fan permanece. El juez que dict\u00f3 la toca penal de la apelaci\u00f3n presentada por la defensa de Emilio Lozoya contra la prisi\u00f3n preventiva, requiri\u00f3 al juez de control del reclusorio Norte ejecutar de inmediato la determinaci\u00f3n e informar en un plazo de 24 horas de su cumplimiento.<\/p>\n\n\n\n<p> Emilio Lozoya enfrenta dos juicios: el primero por la compra a sobreprecio de la planta de Agronitrogenados, acusado de los delitos de asociaci\u00f3n delictuosa y lavado de dinero y es en esta causa donde el juez concedi\u00f3 cambiar la medida cautelar.<\/p>\n\n\n\n<p> Sin embargo, para salir de la c\u00e1rcel, tendr\u00eda que obtener un fallo a favor tambi\u00e9n en el proceso penal que obra en su contra por los sobornos recibidos de Odebrecht, por los que la FGR lo acusa de asociaci\u00f3n delictuosa, lavado de dinero y adem\u00e1s cohecho y por los que ya pidi\u00f3 sentenciar lo a 39 a\u00f1os de prisi\u00f3n y la reparaci\u00f3n de da\u00f1o mediante el pago de siete millones de d\u00f3lares. <\/p>\n\n\n\n<p>El 3 de noviembre pasado, el juez Artemio Z\u00fa\u00f1iga determin\u00f3 modificar la medida cautelar de Emilio Lozoya e impuso la prisi\u00f3n preventiva justificada, solicitada por la FGR por el caso Odebrecht, para llevar su proceso judicial en el reclusorio Norte.<\/p>\n\n\n\n<p> En ese entonces, el juez explic\u00f3 que desde un inicio de este proceso por el caso Odebrecht, consider\u00f3 que era viable la prisi\u00f3n preventiva justificada en contra de Emilio Lozoya, pero no la hab\u00eda podido imponer debido a que no hab\u00eda sido solicitada.\u00a0 Aunque, tambi\u00e9n bas\u00f3 su decisi\u00f3n en tres rubros: la red de ayuda que podr\u00eda tener para fugarse; la cantidad de recursos econ\u00f3micos que tiene para ello, as\u00ed como la pena de los tres delitos que se le imputan al ex director de Pemex, asociaci\u00f3n delictuosa, lavado de dinero, y cohecho.\u00a0<\/p>\n\n\n\n<p>Aunque, tambi\u00e9n bas\u00f3 su decisi\u00f3n en tres rubros: la red de ayuda que podr\u00eda tener para fugarse; la cantidad de recursos econ\u00f3micos que tiene para ello, as\u00ed como la pena de los tres delitos que se le imputan al ex director de Pemex, asociaci\u00f3n delictuosa, lavado de dinero, y cohecho.<\/p>\n\n\n\n<p>\u00a0 Adem\u00e1s de que en octubre de 2021, se vio al ex funcionario\u00a0en el restaurante Hunan, ubicado en la colonia Lomas de Chapultepec, cuando supuestamente estaba bajo prisi\u00f3n domiciliaria y ten\u00eda puesto un brazalete electr\u00f3nico. <\/p>\n\n\n\n<p>Emilio Lozoya fue detenido en febrero del 2020, en M\u00e1laga, Espa\u00f1a, al contar con \u00f3rdenes de aprehensi\u00f3n en su contra por presunta delincuencia organizada, cohecho y operaciones con recursos de procedencia il\u00edcita. Pero fue hasta el 16 de julio de ese mismo a\u00f1o que inici\u00f3 el proceso de extradici\u00f3n, con su traslado desde la c\u00e1rcel Navalcarnero en un avi\u00f3n de la FGR.<\/p>\n\n\n\n<p>Fuente: Milenio <\/p>\n","protected":false},"excerpt":{"rendered":"<p>Un juez federal orden\u00f3 liberar a\u00a0Emilio Lozoya, ex director de Petr\u00f3leos Mexicanos (Pemex), y colocarle un brazalete con localizador como medida cautelar tras permanecer en prisi\u00f3n preventiva justificada durante m\u00e1s de tres meses\u00a0en el reclusorio Norte, en la Ciudad de M\u00e9xico; sin embargo, se trata de una\u00a0medida cautelar en el proceso que se sigue en [&hellip;]<\/p>\n","protected":false},"author":35,"featured_media":29684,"comment_status":"open","ping_status":"open","sticky":false,"template":"","format":"standard","meta":{"_monsterinsights_skip_tracking":false,"_monsterinsights_sitenote_active":false,"_monsterinsights_sitenote_note":"","_monsterinsights_sitenote_category":0,"footnotes":""},"categories":[158],"tags":[5920,2188,9100,224,9102,9099,162,874,9101],"class_list":["post-37608","post","type-post","status-publish","format-standard","has-post-thumbnail","hentry","category-politica","tag-agronitrogenados","tag-juez","tag-liberar","tag-lozoya","tag-odebercht","tag-ordena","tag-portada","tag-prision","tag-seguira","wp-image-borders"],"amp_enabled":true,"_links":{"self":[{"href":"https:\/\/nvnoticias.mx\/index.php\/wp-json\/wp\/v2\/posts\/37608","targetHints":{"allow":["GET"]}}],"collection":[{"href":"https:\/\/nvnoticias.mx\/index.php\/wp-json\/wp\/v2\/posts"}],"about":[{"href":"https:\/\/nvnoticias.mx\/index.php\/wp-json\/wp\/v2\/types\/post"}],"author":[{"embeddable":true,"href":"https:\/\/nvnoticias.mx\/index.php\/wp-json\/wp\/v2\/users\/35"}],"replies":[{"embeddable":true,"href":"https:\/\/nvnoticias.mx\/index.php\/wp-json\/wp\/v2\/comments?post=37608"}],"version-history":[{"count":1,"href":"https:\/\/nvnoticias.mx\/index.php\/wp-json\/wp\/v2\/posts\/37608\/revisions"}],"predecessor-version":[{"id":37609,"href":"https:\/\/nvnoticias.mx\/index.php\/wp-json\/wp\/v2\/posts\/37608\/revisions\/37609"}],"wp:featuredmedia":[{"embeddable":true,"href":"https:\/\/nvnoticias.mx\/index.php\/wp-json\/wp\/v2\/media\/29684"}],"wp:attachment":[{"href":"https:\/\/nvnoticias.mx\/index.php\/wp-json\/wp\/v2\/media?parent=37608"}],"wp:term":[{"taxonomy":"category","embeddable":true,"href":"https:\/\/nvnoticias.mx\/index.php\/wp-json\/wp\/v2\/categories?post=37608"},{"taxonomy":"post_tag","embeddable":true,"href":"https:\/\/nvnoticias.mx\/index.php\/wp-json\/wp\/v2\/tags?post=37608"}],"curies":[{"name":"wp","href":"https:\/\/api.w.org\/{rel}","templated":true}]}}