{"id":37454,"date":"2022-01-21T12:12:13","date_gmt":"2022-01-21T18:12:13","guid":{"rendered":"https:\/\/nvnoticias.mx\/?p=37454"},"modified":"2022-01-21T12:13:13","modified_gmt":"2022-01-21T18:13:13","slug":"considera-la-scjn-que-contenido-de-radio-es-un-ataque-a-la-libertad-de-expresion","status":"publish","type":"post","link":"https:\/\/nvnoticias.mx\/index.php\/2022\/01\/21\/considera-la-scjn-que-contenido-de-radio-es-un-ataque-a-la-libertad-de-expresion\/","title":{"rendered":"Considera la SCJN que contenido de radio es un ataque a la libertad de expresi\u00f3n"},"content":{"rendered":"\n<p>La sentencia de la Primer Sala de la Suprema Corte de Justicia de la Naci\u00f3n (SCJN) del 19 de enero de 2022, que ordena que en cualquier contenido de las estaciones de radio y televisi\u00f3n del pa\u00eds se deba diferenciar entre informaci\u00f3n noticiosa y la opini\u00f3n de quien la comunica, es un\u00a0<strong>ataque directo e inusitado a la libertad de expresi\u00f3n en M\u00e9xico<\/strong>, consider\u00f3 la C\u00e1mara Nacional de la Industria de Radio y Televisi\u00f3n (CIRT).<\/p>\n\n\n\n<blockquote class=\"wp-block-quote is-layout-flow wp-block-quote-is-layout-flow\"><p>\u201cSe trata de una obligaci\u00f3n de imposible cumplimiento en la realidad y que va en contra del m\u00e1s elemental sentido com\u00fan. La libertad de expresi\u00f3n de los medios de comunicaci\u00f3n y de sus comunicadores es la que les permite entreverar noticia y opini\u00f3n.<\/p><\/blockquote>\n\n\n\n<p>\u201cDecidir la agilidad con la que se hace uso la comunicaci\u00f3n; el derecho a la libertad editorial y el momento y la forma en que se utiliza. Es absurdo que desde el Estado se pretenda someter a la radio y la televisi\u00f3n a controles y sanciones burocr\u00e1ticas, que rompan con el flujo y el ritmo de la comunicaci\u00f3n\u201d, explic\u00f3 la CIRT en un comunicado.<\/p>\n\n\n\n<p>La c\u00e1mara agreg\u00f3 que con esta sentencia se corre el riesgo inminente de que sean cancelados la mayor parte de los programas noticiosos y que se eliminen aquellas notas informativas en que terceros no distinguen entre informaci\u00f3n y opini\u00f3n.<\/p>\n\n\n\n<p>\u201cTal medida afectar\u00e1 la din\u00e1mica de trabajo de todos los medios, tanto p\u00fablicos como privados, como es el caso de la transmisi\u00f3n de los encuentros en \u2018Las ma\u00f1aneras\u2019 del C. Presidente de la Rep\u00fablica, si no hace una clara distinci\u00f3n entre noticia y opini\u00f3n\u201d, a\u00f1adi\u00f3.<\/p>\n\n\n\n<p>La CIRT se\u00f1al\u00f3 que el Ministro Juan Luis Gonz\u00e1lez Alc\u00e1ntara mostr\u00f3 su despreocupaci\u00f3n y ligereza por los efectos antidemocr\u00e1ticos que la misma tiene sobre la libertad de expresi\u00f3n al haber propuesto dicha sentencia.<\/p>\n\n\n\n<p>\u201cDesconoce por completo c\u00f3mo funciona la radio y televisi\u00f3n; ignora que el principal derechos de las audiencias es estar informadas con oportunidad, veracidad y por\u00a0<strong>medios y comunicadores libres<\/strong>, y nuevamente pone en desventaja a la radio y la televisi\u00f3n mexicanas respecto de otras plataformas de comunicaci\u00f3n plenamente desreguladas, muchas de ellas con contenidos respecto de M\u00e9xico generados desde el extranjero\u201d, dijo la c\u00e1mara.<\/p>\n\n\n\n<p>La CIRT dijo que esto representa un gran retroceso en la libertad de informaci\u00f3n y de expresi\u00f3n; probablemente el m\u00e1s grave de los \u00faltimos 45 a\u00f1os, por lo que tomar\u00e1n medidas legales para continuar ofreciendo sus contenidos y no ser censurados.<\/p>\n\n\n\n<p>\u201cSe hace un atento llamado al Gobierno Federal, al Congreso de la Uni\u00f3n, a la Suprema Corte de Justicia de la Naci\u00f3n y al Ifetel a fin de que este asunto pueda resolverse con pleno respeto a la Constituci\u00f3n, a los tratados internacionales celebrados por nuestro pa\u00eds, y la defensa del desarrollo democr\u00e1tico de M\u00e9xico\u201d, mencion\u00f3.<\/p>\n\n\n\n<p>Fuente: Forbes<\/p>\n","protected":false},"excerpt":{"rendered":"<p>La sentencia de la Primer Sala de la Suprema Corte de Justicia de la Naci\u00f3n (SCJN) del 19 de enero de 2022, que ordena que en cualquier contenido de las estaciones de radio y televisi\u00f3n del pa\u00eds se deba diferenciar entre informaci\u00f3n noticiosa y la opini\u00f3n de quien la comunica, es un\u00a0ataque directo e inusitado [&hellip;]<\/p>\n","protected":false},"author":35,"featured_media":18904,"comment_status":"open","ping_status":"open","sticky":false,"template":"","format":"standard","meta":{"_monsterinsights_skip_tracking":false,"_monsterinsights_sitenote_active":false,"_monsterinsights_sitenote_note":"","_monsterinsights_sitenote_category":0,"footnotes":""},"categories":[158],"tags":[9027,9028,5195,3194],"class_list":["post-37454","post","type-post","status-publish","format-standard","has-post-thumbnail","hentry","category-politica","tag-contenido","tag-liberdad-de-expresion","tag-radio","tag-scjn","wp-image-borders"],"amp_enabled":true,"_links":{"self":[{"href":"https:\/\/nvnoticias.mx\/index.php\/wp-json\/wp\/v2\/posts\/37454","targetHints":{"allow":["GET"]}}],"collection":[{"href":"https:\/\/nvnoticias.mx\/index.php\/wp-json\/wp\/v2\/posts"}],"about":[{"href":"https:\/\/nvnoticias.mx\/index.php\/wp-json\/wp\/v2\/types\/post"}],"author":[{"embeddable":true,"href":"https:\/\/nvnoticias.mx\/index.php\/wp-json\/wp\/v2\/users\/35"}],"replies":[{"embeddable":true,"href":"https:\/\/nvnoticias.mx\/index.php\/wp-json\/wp\/v2\/comments?post=37454"}],"version-history":[{"count":1,"href":"https:\/\/nvnoticias.mx\/index.php\/wp-json\/wp\/v2\/posts\/37454\/revisions"}],"predecessor-version":[{"id":37456,"href":"https:\/\/nvnoticias.mx\/index.php\/wp-json\/wp\/v2\/posts\/37454\/revisions\/37456"}],"wp:featuredmedia":[{"embeddable":true,"href":"https:\/\/nvnoticias.mx\/index.php\/wp-json\/wp\/v2\/media\/18904"}],"wp:attachment":[{"href":"https:\/\/nvnoticias.mx\/index.php\/wp-json\/wp\/v2\/media?parent=37454"}],"wp:term":[{"taxonomy":"category","embeddable":true,"href":"https:\/\/nvnoticias.mx\/index.php\/wp-json\/wp\/v2\/categories?post=37454"},{"taxonomy":"post_tag","embeddable":true,"href":"https:\/\/nvnoticias.mx\/index.php\/wp-json\/wp\/v2\/tags?post=37454"}],"curies":[{"name":"wp","href":"https:\/\/api.w.org\/{rel}","templated":true}]}}