{"id":37284,"date":"2022-01-20T12:23:09","date_gmt":"2022-01-20T18:23:09","guid":{"rendered":"https:\/\/nvnoticias.mx\/?p=37284"},"modified":"2022-01-20T12:23:10","modified_gmt":"2022-01-20T18:23:10","slug":"diputados-locales-confian-en-derogar-los-ultrajes-a-la-autoridad","status":"publish","type":"post","link":"https:\/\/nvnoticias.mx\/index.php\/2022\/01\/20\/diputados-locales-confian-en-derogar-los-ultrajes-a-la-autoridad\/","title":{"rendered":"Diputados locales conf\u00edan en derogar los Ultrajes a la Autoridad"},"content":{"rendered":"\n<p><strong>Jes\u00fas Utrilla \/ NV Noticias<\/strong><\/p>\n\n\n\n<p>Los diputados locales se mantienen a la espera de que en breve llegue la iniciativa que permita derogar los Ultrajes a la Autoridad, se\u00f1al\u00f3 Anil\u00fa Ingram Vallines, diputada local del PRI.<\/p>\n\n\n\n<p>Record\u00f3 que existe una acci\u00f3n de inconstitucionalidad en la Suprema Corte de Justicia de la Naci\u00f3n, turnada por la legislatura pasada. Sin embargo, se mantiene en proceso.<\/p>\n\n\n\n<blockquote class=\"wp-block-quote is-layout-flow wp-block-quote-is-layout-flow\"><p>\u201c<em>Por supuesto que consideramos que es importante y m\u00e1s lo que se visualiza que es una violaci\u00f3n a los derechos humanos. Yo como presidenta de la Comisi\u00f3n de\u00a0 Derechos Humanos en el Congreso de Veracruz consider\u00f3 que hay que derogar este delito<\/em>\u201d.<\/p><\/blockquote>\n\n\n\n<p>Consider\u00f3 que deber\u00eda instalarse una mesa de di\u00e1logo para escuchar los distintos pronunciamientos, pues se presentaron iniciativas a trav\u00e9s de los distintos grupos parlamentarios. Incluso se cuenta con pronunciamientos de la sociedad organizada.<\/p>\n\n\n\n<p>Sobre las acusaciones de secci\u00f3nales contra la Dirigencia Estatal del PRI y otros actores, consider\u00f3 importante que cada militante analice el desarrollo de los procesos electorales.<\/p>\n\n\n\n<p>Dijo que respeta la postura del partido y no quiso pronunciarse sobre las acusaciones.<br>Insisti\u00f3 en que debe meditarse sobre la participaci\u00f3n de cada persona en el proceso electoral pasado.<\/p>\n\n\n\n<blockquote class=\"wp-block-quote is-layout-flow wp-block-quote-is-layout-flow\"><p>\u201c<em>Soy respetuosa de la postura que emiti\u00f3 el presidente del partido y soy institucional. Es importante hacer reflexiones porque aunque tambi\u00e9n respeto a quienes se manifestaron me llegaron fotograf\u00edas donde aparecen con otras camisetas y colores<\/em>\u201d<\/p><\/blockquote>\n\n\n\n<p>Dijo que hay que estar en las buenas y en las malas, no solo en las malas con el partido<\/p>\n","protected":false},"excerpt":{"rendered":"<p>Jes\u00fas Utrilla \/ NV Noticias Los diputados locales se mantienen a la espera de que en breve llegue la iniciativa que permita derogar los Ultrajes a la Autoridad, se\u00f1al\u00f3 Anil\u00fa Ingram Vallines, diputada local del PRI. Record\u00f3 que existe una acci\u00f3n de inconstitucionalidad en la Suprema Corte de Justicia de la Naci\u00f3n, turnada por la [&hellip;]<\/p>\n","protected":false},"author":8,"featured_media":34231,"comment_status":"open","ping_status":"open","sticky":false,"template":"","format":"standard","meta":{"_monsterinsights_skip_tracking":false,"_monsterinsights_sitenote_active":false,"_monsterinsights_sitenote_note":"","_monsterinsights_sitenote_category":0,"footnotes":""},"categories":[158],"tags":[382,6979,2591],"class_list":["post-37284","post","type-post","status-publish","format-standard","has-post-thumbnail","hentry","category-politica","tag-anilu-ingram","tag-diputados-locales","tag-ultrajes-a-la-autoridad","wp-image-borders"],"amp_enabled":true,"_links":{"self":[{"href":"https:\/\/nvnoticias.mx\/index.php\/wp-json\/wp\/v2\/posts\/37284","targetHints":{"allow":["GET"]}}],"collection":[{"href":"https:\/\/nvnoticias.mx\/index.php\/wp-json\/wp\/v2\/posts"}],"about":[{"href":"https:\/\/nvnoticias.mx\/index.php\/wp-json\/wp\/v2\/types\/post"}],"author":[{"embeddable":true,"href":"https:\/\/nvnoticias.mx\/index.php\/wp-json\/wp\/v2\/users\/8"}],"replies":[{"embeddable":true,"href":"https:\/\/nvnoticias.mx\/index.php\/wp-json\/wp\/v2\/comments?post=37284"}],"version-history":[{"count":1,"href":"https:\/\/nvnoticias.mx\/index.php\/wp-json\/wp\/v2\/posts\/37284\/revisions"}],"predecessor-version":[{"id":37289,"href":"https:\/\/nvnoticias.mx\/index.php\/wp-json\/wp\/v2\/posts\/37284\/revisions\/37289"}],"wp:featuredmedia":[{"embeddable":true,"href":"https:\/\/nvnoticias.mx\/index.php\/wp-json\/wp\/v2\/media\/34231"}],"wp:attachment":[{"href":"https:\/\/nvnoticias.mx\/index.php\/wp-json\/wp\/v2\/media?parent=37284"}],"wp:term":[{"taxonomy":"category","embeddable":true,"href":"https:\/\/nvnoticias.mx\/index.php\/wp-json\/wp\/v2\/categories?post=37284"},{"taxonomy":"post_tag","embeddable":true,"href":"https:\/\/nvnoticias.mx\/index.php\/wp-json\/wp\/v2\/tags?post=37284"}],"curies":[{"name":"wp","href":"https:\/\/api.w.org\/{rel}","templated":true}]}}