{"id":37275,"date":"2022-01-20T12:07:24","date_gmt":"2022-01-20T18:07:24","guid":{"rendered":"https:\/\/nvnoticias.mx\/?p=37275"},"modified":"2022-01-20T12:07:25","modified_gmt":"2022-01-20T18:07:25","slug":"piden-que-sev-atienda-a-escuelas-rurales-de-veracruz","status":"publish","type":"post","link":"https:\/\/nvnoticias.mx\/index.php\/2022\/01\/20\/piden-que-sev-atienda-a-escuelas-rurales-de-veracruz\/","title":{"rendered":"Piden que SEV atienda a escuelas rurales de Veracruz"},"content":{"rendered":"\n<p><strong>Jes\u00fas Utrilla \/ NV Noticias<\/strong><\/p>\n\n\n\n<p>Las escuelas de la zona rural del municipio de Veracruz no han sido atendidas por la Secretar\u00eda de Educaci\u00f3n de Veracruz, acus\u00f3 Eduardo Colorado Zapata, Agente Municipal de Santa Rita.<\/p>\n\n\n\n<p>Dijo que a los planteles les hacen falta productos de limpieza y material did\u00e1ctico.<\/p>\n\n\n\n<blockquote class=\"wp-block-quote is-layout-flow wp-block-quote-is-layout-flow\"><p>&#8220;<em>En lo que va ahorita de los primeros d\u00edas del a\u00f1o tenemos 10 escuelas que nos han pedido el apoyo, y bueno, estamos respondiendo poco a poco al llamado, porque sabes que nosotros no manejamos recurso, entonces estamos llevando el apoyo en medida que nosotros podemos. Dentro de lo que nos pidieron es mucho material de limpieza, qu\u00e9 es con lo que est\u00e1n batallando, porque lo est\u00e1n comprando con la bolsa de los padres de familia<\/em>&#8220;.<\/p><\/blockquote>\n\n\n\n<p>Ante las carencias la Agencia Municipal puso en marcha el programa &#8220;Apoyando Escuelas&#8221;, d\u00f3nde en primera instancia acudieron a la primaria &#8220;Juan de la luz Enr\u00edquez&#8221; en la localidad de Santa Rita, y posteriormente a la localidad de El Pando en la escuela &#8220;H\u00e9roes de Cuatla&#8221;.<\/p>\n\n\n\n<p>Acus\u00f3 que en ambos planteles educativos hay\u00a0deterioro de las instalaciones que no ha sido atendido por las autoridades estatales correspondientes.<\/p>\n\n\n\n<p>Eduardo Colorado Zapata, resalt\u00f3 el apoyo de empresarios de la zona quienes han colaborado con donaciones, haciendo faena, para mejorar los espacios educativos de los peque\u00f1os de la localidad.<\/p>\n","protected":false},"excerpt":{"rendered":"<p>Jes\u00fas Utrilla \/ NV Noticias Las escuelas de la zona rural del municipio de Veracruz no han sido atendidas por la Secretar\u00eda de Educaci\u00f3n de Veracruz, acus\u00f3 Eduardo Colorado Zapata, Agente Municipal de Santa Rita. Dijo que a los planteles les hacen falta productos de limpieza y material did\u00e1ctico. &#8220;En lo que va ahorita de [&hellip;]<\/p>\n","protected":false},"author":8,"featured_media":22940,"comment_status":"open","ping_status":"open","sticky":false,"template":"","format":"standard","meta":{"_monsterinsights_skip_tracking":false,"_monsterinsights_sitenote_active":false,"_monsterinsights_sitenote_note":"","_monsterinsights_sitenote_category":0,"footnotes":""},"categories":[154],"tags":[8946,1001,180],"class_list":["post-37275","post","type-post","status-publish","format-standard","has-post-thumbnail","hentry","category-veracruz","tag-escuelas-rurales","tag-sev","tag-veracruz","wp-image-borders"],"amp_enabled":true,"_links":{"self":[{"href":"https:\/\/nvnoticias.mx\/index.php\/wp-json\/wp\/v2\/posts\/37275","targetHints":{"allow":["GET"]}}],"collection":[{"href":"https:\/\/nvnoticias.mx\/index.php\/wp-json\/wp\/v2\/posts"}],"about":[{"href":"https:\/\/nvnoticias.mx\/index.php\/wp-json\/wp\/v2\/types\/post"}],"author":[{"embeddable":true,"href":"https:\/\/nvnoticias.mx\/index.php\/wp-json\/wp\/v2\/users\/8"}],"replies":[{"embeddable":true,"href":"https:\/\/nvnoticias.mx\/index.php\/wp-json\/wp\/v2\/comments?post=37275"}],"version-history":[{"count":1,"href":"https:\/\/nvnoticias.mx\/index.php\/wp-json\/wp\/v2\/posts\/37275\/revisions"}],"predecessor-version":[{"id":37276,"href":"https:\/\/nvnoticias.mx\/index.php\/wp-json\/wp\/v2\/posts\/37275\/revisions\/37276"}],"wp:featuredmedia":[{"embeddable":true,"href":"https:\/\/nvnoticias.mx\/index.php\/wp-json\/wp\/v2\/media\/22940"}],"wp:attachment":[{"href":"https:\/\/nvnoticias.mx\/index.php\/wp-json\/wp\/v2\/media?parent=37275"}],"wp:term":[{"taxonomy":"category","embeddable":true,"href":"https:\/\/nvnoticias.mx\/index.php\/wp-json\/wp\/v2\/categories?post=37275"},{"taxonomy":"post_tag","embeddable":true,"href":"https:\/\/nvnoticias.mx\/index.php\/wp-json\/wp\/v2\/tags?post=37275"}],"curies":[{"name":"wp","href":"https:\/\/api.w.org\/{rel}","templated":true}]}}