{"id":37237,"date":"2022-01-20T11:15:39","date_gmt":"2022-01-20T17:15:39","guid":{"rendered":"https:\/\/nvnoticias.mx\/?p=37237"},"modified":"2022-01-20T11:15:40","modified_gmt":"2022-01-20T17:15:40","slug":"cierran-escuela-de-veracruz-por-contagio-de-covid","status":"publish","type":"post","link":"https:\/\/nvnoticias.mx\/index.php\/2022\/01\/20\/cierran-escuela-de-veracruz-por-contagio-de-covid\/","title":{"rendered":"Cierran escuela de Veracruz por contagio de covid"},"content":{"rendered":"\n<p><strong>Jes\u00fas Utrilla \/ NV Noticias<\/strong><\/p>\n\n\n\n<p>Por contagios de coronavirus al menos una escuela de la regi\u00f3n Veracruz de la SEV permanece cerrada.<\/p>\n\n\n\n<p>Diana Santiago Huesca, delegada de la Secretar\u00eda de Educaci\u00f3n de Veracruz, no quiso revelar el nombre del plantel educativo y aclar\u00f3 que se trata de dos maestros contagiados y 10 sospechosos.<\/p>\n\n\n\n<p>En el caso de los alumnos descart\u00f3 que tenga reportes de enfermos.<\/p>\n\n\n\n<blockquote class=\"wp-block-quote is-layout-flow wp-block-quote-is-layout-flow\"><p>\u201c<em>Aqu\u00ed en Veracruz Puerto solamente tenemos el reporte de una escuela cerrada por contagio, de ah\u00ed todas est\u00e1n abiertas. No les puedo decir cu\u00e1l es. Fueron dos contagios comprobados y 10 sospechosos y por eso se decidi\u00f3 cerrar. Son maestros, alumnos no<\/em>\u201d.\u00a0\u00a0<\/p><\/blockquote>\n\n\n\n<p>Aclar\u00f3 que las clases fueron suspendidas en dicho plantel por decisi\u00f3n de los padres de familia.<\/p>\n\n\n\n<p>Insisti\u00f3 en que oficialmente no hay alumnos que se hayan contagiado de coronavirus en ninguna escuela de la delegaci\u00f3n<\/p>\n\n\n\n<blockquote class=\"wp-block-quote is-layout-flow wp-block-quote-is-layout-flow\"><p>\u201c<em>De alumnos no tenemos en la delegaci\u00f3n regional, en los 25 municipios que me toca atender no hay reporte de alumnos comprobando que sea positivo. Todos son dichos, rumores y dem\u00e1s, nada comprobado<\/em>\u201d.\u00a0<\/p><\/blockquote>\n\n\n\n<p>En el caso de la delegaci\u00f3n hubo tres personas que dieron positivo a COVID pero ven\u00edan contagiadas del periodo vacacional.<\/p>\n\n\n\n<p>Por otro lado afirm\u00f3 que la respuesta de los maestros es favorable para aplicarse el refuerzo de la vacuna contra el COVID.<\/p>\n\n\n\n<p>Sin embargo, exhort\u00f3 a quienes a\u00fan no se suministran el biol\u00f3gico a acudir al macro centro que se instal\u00f3 en el Estadio de F\u00fatbol Luis Pirata Fuente.<\/p>\n","protected":false},"excerpt":{"rendered":"<p>Jes\u00fas Utrilla \/ NV Noticias Por contagios de coronavirus al menos una escuela de la regi\u00f3n Veracruz de la SEV permanece cerrada. Diana Santiago Huesca, delegada de la Secretar\u00eda de Educaci\u00f3n de Veracruz, no quiso revelar el nombre del plantel educativo y aclar\u00f3 que se trata de dos maestros contagiados y 10 sospechosos. En el [&hellip;]<\/p>\n","protected":false},"author":8,"featured_media":37240,"comment_status":"open","ping_status":"open","sticky":false,"template":"","format":"standard","meta":{"_monsterinsights_skip_tracking":false,"_monsterinsights_sitenote_active":false,"_monsterinsights_sitenote_note":"","_monsterinsights_sitenote_category":0,"footnotes":""},"categories":[154],"tags":[2767,175,3579,180],"class_list":["post-37237","post","type-post","status-publish","format-standard","has-post-thumbnail","hentry","category-veracruz","tag-cierre","tag-covid-19","tag-escuela","tag-veracruz","wp-image-borders"],"amp_enabled":true,"_links":{"self":[{"href":"https:\/\/nvnoticias.mx\/index.php\/wp-json\/wp\/v2\/posts\/37237","targetHints":{"allow":["GET"]}}],"collection":[{"href":"https:\/\/nvnoticias.mx\/index.php\/wp-json\/wp\/v2\/posts"}],"about":[{"href":"https:\/\/nvnoticias.mx\/index.php\/wp-json\/wp\/v2\/types\/post"}],"author":[{"embeddable":true,"href":"https:\/\/nvnoticias.mx\/index.php\/wp-json\/wp\/v2\/users\/8"}],"replies":[{"embeddable":true,"href":"https:\/\/nvnoticias.mx\/index.php\/wp-json\/wp\/v2\/comments?post=37237"}],"version-history":[{"count":1,"href":"https:\/\/nvnoticias.mx\/index.php\/wp-json\/wp\/v2\/posts\/37237\/revisions"}],"predecessor-version":[{"id":37241,"href":"https:\/\/nvnoticias.mx\/index.php\/wp-json\/wp\/v2\/posts\/37237\/revisions\/37241"}],"wp:featuredmedia":[{"embeddable":true,"href":"https:\/\/nvnoticias.mx\/index.php\/wp-json\/wp\/v2\/media\/37240"}],"wp:attachment":[{"href":"https:\/\/nvnoticias.mx\/index.php\/wp-json\/wp\/v2\/media?parent=37237"}],"wp:term":[{"taxonomy":"category","embeddable":true,"href":"https:\/\/nvnoticias.mx\/index.php\/wp-json\/wp\/v2\/categories?post=37237"},{"taxonomy":"post_tag","embeddable":true,"href":"https:\/\/nvnoticias.mx\/index.php\/wp-json\/wp\/v2\/tags?post=37237"}],"curies":[{"name":"wp","href":"https:\/\/api.w.org\/{rel}","templated":true}]}}