{"id":37082,"date":"2022-01-19T11:46:39","date_gmt":"2022-01-19T17:46:39","guid":{"rendered":"https:\/\/nvnoticias.mx\/?p=37082"},"modified":"2022-01-19T11:46:40","modified_gmt":"2022-01-19T17:46:40","slug":"no-habra-cancelacion-de-eventos-en-veracruz-por-incremento-de-casos-covid","status":"publish","type":"post","link":"https:\/\/nvnoticias.mx\/index.php\/2022\/01\/19\/no-habra-cancelacion-de-eventos-en-veracruz-por-incremento-de-casos-covid\/","title":{"rendered":"No habr\u00e1 cancelaci\u00f3n de eventos en Veracruz por incremento de casos covid"},"content":{"rendered":"\n<p><strong>Sam Ojeda \/ NV Noticias <\/strong><\/p>\n\n\n\n<p>Xalapa.- Este a\u00f1o se realizar\u00e1n cuatro eventos grandes en Veracruz con miras a atraer turismo durante este 2022, se\u00f1al\u00f3 el gobernador de Veracruz, Cuitl\u00e1huac Garc\u00eda Jim\u00e9nez.<\/p>\n\n\n\n<p>El mandatario dijo que no se cancelar\u00e1n eventos como Cumbre Taj\u00edn, Cumbre Olmeca, Festival de Salsa y el Costa Esmeralda Fest, a pesar de los casos de covid-19.<\/p>\n\n\n\n<blockquote class=\"wp-block-quote is-layout-flow wp-block-quote-is-layout-flow\"><p>\u201c<em>De los grandes eventos que tenemos planeados para este a\u00f1o ninguno se cancela, todos se tendr\u00e1n. Hablo de los cuatro eventos grandes que hemos lanzado: Cumbre Taj\u00edn, Festival de Salsa, Cumbre Olmeca y Costa Esmeralda Fest<\/em>\u201d.\u00a0<\/p><\/blockquote>\n\n\n\n<p>Indic\u00f3 que el Gobierno del estado tiene planeado impulsar otros eventos estos son los m\u00e1s importantes y que no se tiene planeado cancelarlos, aunque Veracruz se encuentra en la cuarta ola de contagios por covid-19.<\/p>\n\n\n\n<p>Hace apenas unos d\u00edas el grupo Matute dio conocer a trav\u00e9s de sus redes sociales que participar\u00e1 en Cumbre Taj\u00edn que realiza en el parque Takhil Sukut en el municipio de Papantla el pr\u00f3ximo 19 de marzo.\u00a0<\/p>\n\n\n\n<p>Hasta este martes, la Secretar\u00eda de Salud de Veracruz report\u00f3 131 mil 583 casos pol\u00edticos de covid-19, 4 mil 914 positivos activos y 720 sospechosos actuales.<\/p>\n","protected":false},"excerpt":{"rendered":"<p>Sam Ojeda \/ NV Noticias Xalapa.- Este a\u00f1o se realizar\u00e1n cuatro eventos grandes en Veracruz con miras a atraer turismo durante este 2022, se\u00f1al\u00f3 el gobernador de Veracruz, Cuitl\u00e1huac Garc\u00eda Jim\u00e9nez. El mandatario dijo que no se cancelar\u00e1n eventos como Cumbre Taj\u00edn, Cumbre Olmeca, Festival de Salsa y el Costa Esmeralda Fest, a pesar de [&hellip;]<\/p>\n","protected":false},"author":8,"featured_media":7317,"comment_status":"open","ping_status":"open","sticky":false,"template":"","format":"standard","meta":{"_monsterinsights_skip_tracking":false,"_monsterinsights_sitenote_active":false,"_monsterinsights_sitenote_note":"","_monsterinsights_sitenote_category":0,"footnotes":""},"categories":[156],"tags":[175,2310,162,180],"class_list":["post-37082","post","type-post","status-publish","format-standard","has-post-thumbnail","hentry","category-estado","tag-covid-19","tag-eventos","tag-portada","tag-veracruz","wp-image-borders"],"amp_enabled":true,"_links":{"self":[{"href":"https:\/\/nvnoticias.mx\/index.php\/wp-json\/wp\/v2\/posts\/37082","targetHints":{"allow":["GET"]}}],"collection":[{"href":"https:\/\/nvnoticias.mx\/index.php\/wp-json\/wp\/v2\/posts"}],"about":[{"href":"https:\/\/nvnoticias.mx\/index.php\/wp-json\/wp\/v2\/types\/post"}],"author":[{"embeddable":true,"href":"https:\/\/nvnoticias.mx\/index.php\/wp-json\/wp\/v2\/users\/8"}],"replies":[{"embeddable":true,"href":"https:\/\/nvnoticias.mx\/index.php\/wp-json\/wp\/v2\/comments?post=37082"}],"version-history":[{"count":1,"href":"https:\/\/nvnoticias.mx\/index.php\/wp-json\/wp\/v2\/posts\/37082\/revisions"}],"predecessor-version":[{"id":37083,"href":"https:\/\/nvnoticias.mx\/index.php\/wp-json\/wp\/v2\/posts\/37082\/revisions\/37083"}],"wp:featuredmedia":[{"embeddable":true,"href":"https:\/\/nvnoticias.mx\/index.php\/wp-json\/wp\/v2\/media\/7317"}],"wp:attachment":[{"href":"https:\/\/nvnoticias.mx\/index.php\/wp-json\/wp\/v2\/media?parent=37082"}],"wp:term":[{"taxonomy":"category","embeddable":true,"href":"https:\/\/nvnoticias.mx\/index.php\/wp-json\/wp\/v2\/categories?post=37082"},{"taxonomy":"post_tag","embeddable":true,"href":"https:\/\/nvnoticias.mx\/index.php\/wp-json\/wp\/v2\/tags?post=37082"}],"curies":[{"name":"wp","href":"https:\/\/api.w.org\/{rel}","templated":true}]}}