{"id":36806,"date":"2022-01-17T15:43:22","date_gmt":"2022-01-17T21:43:22","guid":{"rendered":"https:\/\/nvnoticias.mx\/?p=36806"},"modified":"2022-01-17T15:43:22","modified_gmt":"2022-01-17T21:43:22","slug":"al-menos-15-por-ciento-de-los-maestros-de-la-region-veracruz-tienen-covid","status":"publish","type":"post","link":"https:\/\/nvnoticias.mx\/index.php\/2022\/01\/17\/al-menos-15-por-ciento-de-los-maestros-de-la-region-veracruz-tienen-covid\/","title":{"rendered":"Al menos 15 por ciento de los maestros de la regi\u00f3n Veracruz tienen covid"},"content":{"rendered":"\n<p><strong>Jes\u00fas Utrilla \/ NV Noticias<\/strong> <\/p>\n\n\n\n<p>En la regi\u00f3n Veracruz cerca del 15 por ciento de los maestros est\u00e1n contagiados de Covid-19, se\u00f1al\u00f3 Ren\u00e9 Palencia G\u00f3ngora, secretario de Organizaci\u00f3n de la regi\u00f3n octava del SNTE Secci\u00f3n 32.<\/p>\n\n\n\n<p>Ante ello en algunos planteles volvieron a las clases en l\u00ednea.<\/p>\n\n\n\n<blockquote class=\"wp-block-quote is-layout-flow wp-block-quote-is-layout-flow\"><p>\u201c<em>Hasta donde s\u00e9 varios est\u00e1n presenciales todav\u00eda, y hay otros que bueno est\u00e1n tomando la decisi\u00f3n de platicar con los padres de familia de que sea virtual, entonces m\u00e1s que nada lo hacen por seguridad de los ni\u00f1os y de los padres de familia y de los maestros<\/em>\u201d.<\/p><\/blockquote>\n\n\n\n<p>Los municipios con mayor contagio son: Veracruz, Boca del R\u00edo, Alvarado e Ignacio de la Llave. <\/p>\n\n\n\n<p>Aclar\u00f3 que la cifra de contagios es menor en comparaci\u00f3n a las olas anteriores de la pandemia.<\/p>\n\n\n\n<p>Exhort\u00f3 al magisterio a aplicarse el refuerzo de la vacuna.<\/p>\n\n\n\n<blockquote class=\"wp-block-quote is-layout-flow wp-block-quote-is-layout-flow\"><p>\u201c<em>La verdad es que los maestros est\u00e1n con la disponibilidad de ponerse la vacuna, sea cual sea y sobre todo estar protegidos m\u00e1s que nada<\/em>\u201d.<\/p><\/blockquote>\n\n\n\n<p>No descart\u00f3 que en localidades de su demarcaci\u00f3n existan casos, aunque en menor proporci\u00f3n. <\/p>\n","protected":false},"excerpt":{"rendered":"<p>Jes\u00fas Utrilla \/ NV Noticias En la regi\u00f3n Veracruz cerca del 15 por ciento de los maestros est\u00e1n contagiados de Covid-19, se\u00f1al\u00f3 Ren\u00e9 Palencia G\u00f3ngora, secretario de Organizaci\u00f3n de la regi\u00f3n octava del SNTE Secci\u00f3n 32. Ante ello en algunos planteles volvieron a las clases en l\u00ednea. \u201cHasta donde s\u00e9 varios est\u00e1n presenciales todav\u00eda, y [&hellip;]<\/p>\n","protected":false},"author":8,"featured_media":9546,"comment_status":"open","ping_status":"open","sticky":false,"template":"","format":"standard","meta":{"_monsterinsights_skip_tracking":false,"_monsterinsights_sitenote_active":false,"_monsterinsights_sitenote_note":"","_monsterinsights_sitenote_category":0,"footnotes":""},"categories":[154],"tags":[175,635,180],"class_list":["post-36806","post","type-post","status-publish","format-standard","has-post-thumbnail","hentry","category-veracruz","tag-covid-19","tag-maestros","tag-veracruz","wp-image-borders"],"amp_enabled":true,"_links":{"self":[{"href":"https:\/\/nvnoticias.mx\/index.php\/wp-json\/wp\/v2\/posts\/36806","targetHints":{"allow":["GET"]}}],"collection":[{"href":"https:\/\/nvnoticias.mx\/index.php\/wp-json\/wp\/v2\/posts"}],"about":[{"href":"https:\/\/nvnoticias.mx\/index.php\/wp-json\/wp\/v2\/types\/post"}],"author":[{"embeddable":true,"href":"https:\/\/nvnoticias.mx\/index.php\/wp-json\/wp\/v2\/users\/8"}],"replies":[{"embeddable":true,"href":"https:\/\/nvnoticias.mx\/index.php\/wp-json\/wp\/v2\/comments?post=36806"}],"version-history":[{"count":1,"href":"https:\/\/nvnoticias.mx\/index.php\/wp-json\/wp\/v2\/posts\/36806\/revisions"}],"predecessor-version":[{"id":36807,"href":"https:\/\/nvnoticias.mx\/index.php\/wp-json\/wp\/v2\/posts\/36806\/revisions\/36807"}],"wp:featuredmedia":[{"embeddable":true,"href":"https:\/\/nvnoticias.mx\/index.php\/wp-json\/wp\/v2\/media\/9546"}],"wp:attachment":[{"href":"https:\/\/nvnoticias.mx\/index.php\/wp-json\/wp\/v2\/media?parent=36806"}],"wp:term":[{"taxonomy":"category","embeddable":true,"href":"https:\/\/nvnoticias.mx\/index.php\/wp-json\/wp\/v2\/categories?post=36806"},{"taxonomy":"post_tag","embeddable":true,"href":"https:\/\/nvnoticias.mx\/index.php\/wp-json\/wp\/v2\/tags?post=36806"}],"curies":[{"name":"wp","href":"https:\/\/api.w.org\/{rel}","templated":true}]}}