{"id":36791,"date":"2022-01-17T14:29:50","date_gmt":"2022-01-17T20:29:50","guid":{"rendered":"https:\/\/nvnoticias.mx\/?p=36791"},"modified":"2022-01-17T14:29:51","modified_gmt":"2022-01-17T20:29:51","slug":"rtv-sigue-fuera-del-aire","status":"publish","type":"post","link":"https:\/\/nvnoticias.mx\/index.php\/2022\/01\/17\/rtv-sigue-fuera-del-aire\/","title":{"rendered":"RTV sigue fuera del aire"},"content":{"rendered":"\n<p><strong>Sam Ojeda \/ NV Noticias<\/strong><\/p>\n\n\n\n<p>Xalapa.- El coordinador general de Comunicaci\u00f3n Social del Gobierno de Veracruz, Iv\u00e1n Joseph Luna Landa, dijo que\u00a0 la se\u00f1al de Radio Televisi\u00f3n de Veracruz (RTV) no ha sido restablecida.\u00a0<\/p>\n\n\n\n<p>No obstante, dijo que se lleg\u00f3 a un acuerdo con el Canal 21 de Ciudad de M\u00e9xico que realizar\u00e1n un intercambio de contenido para transmitirlo en RTV.\u00a0<\/p>\n\n\n\n<blockquote class=\"wp-block-quote is-layout-flow wp-block-quote-is-layout-flow\"><p>\u201c<em>Se acord\u00f3 con Canal 21 hacer intercambio de contenido, que ellos nos den lo que se produce all\u00e1<\/em>\u201d, indic\u00f3.\u00a0<\/p><\/blockquote>\n\n\n\n<p>Por su parte, el gobernador Cuitl\u00e1huac Garc\u00eda Jim\u00e9nez, dijo que esto significar\u00e1 una llamada de atenci\u00f3n para el funcionario.\u00a0<\/p>\n\n\n\n<blockquote class=\"wp-block-quote is-layout-flow wp-block-quote-is-layout-flow\"><p>&#8220;<em>Sigue fuera del aire, con el evento que se tuvo fuimos a verificar y sigue fuera del aire, eso ya corresponde una llamada de atenci\u00f3n al director y que venga a explicar<\/em>\u201d, dijo el mandatario.\u00a0<\/p><\/blockquote>\n\n\n\n<p>En un primer momento se dijo que esto se debi\u00f3 a un problema con la concesi\u00f3n otorgada por el Instituto Federal de Telecomunicaciones (IFETEL) por un adeudo dejado por la administraci\u00f3n de Miguel \u00c1ngel Yunes Linares.<\/p>\n\n\n\n<p>Las autoridades aseguraron que en los siguientes d\u00edas quedar\u00eda lista la se\u00f1al y que se logr\u00f3 una concesi\u00f3n extendida a 15 a\u00f1os; sin embargo, la se\u00f1al sigue sin restablecerse.\u00a0<\/p>\n","protected":false},"excerpt":{"rendered":"<p>Sam Ojeda \/ NV Noticias Xalapa.- El coordinador general de Comunicaci\u00f3n Social del Gobierno de Veracruz, Iv\u00e1n Joseph Luna Landa, dijo que\u00a0 la se\u00f1al de Radio Televisi\u00f3n de Veracruz (RTV) no ha sido restablecida.\u00a0 No obstante, dijo que se lleg\u00f3 a un acuerdo con el Canal 21 de Ciudad de M\u00e9xico que realizar\u00e1n un intercambio [&hellip;]<\/p>\n","protected":false},"author":8,"featured_media":36792,"comment_status":"open","ping_status":"open","sticky":false,"template":"","format":"standard","meta":{"_monsterinsights_skip_tracking":false,"_monsterinsights_sitenote_active":false,"_monsterinsights_sitenote_note":"","_monsterinsights_sitenote_category":0,"footnotes":""},"categories":[156],"tags":[8732,8731],"class_list":["post-36791","post","type-post","status-publish","format-standard","has-post-thumbnail","hentry","category-estado","tag-programacion","tag-rtv","wp-image-borders"],"amp_enabled":true,"_links":{"self":[{"href":"https:\/\/nvnoticias.mx\/index.php\/wp-json\/wp\/v2\/posts\/36791","targetHints":{"allow":["GET"]}}],"collection":[{"href":"https:\/\/nvnoticias.mx\/index.php\/wp-json\/wp\/v2\/posts"}],"about":[{"href":"https:\/\/nvnoticias.mx\/index.php\/wp-json\/wp\/v2\/types\/post"}],"author":[{"embeddable":true,"href":"https:\/\/nvnoticias.mx\/index.php\/wp-json\/wp\/v2\/users\/8"}],"replies":[{"embeddable":true,"href":"https:\/\/nvnoticias.mx\/index.php\/wp-json\/wp\/v2\/comments?post=36791"}],"version-history":[{"count":1,"href":"https:\/\/nvnoticias.mx\/index.php\/wp-json\/wp\/v2\/posts\/36791\/revisions"}],"predecessor-version":[{"id":36793,"href":"https:\/\/nvnoticias.mx\/index.php\/wp-json\/wp\/v2\/posts\/36791\/revisions\/36793"}],"wp:featuredmedia":[{"embeddable":true,"href":"https:\/\/nvnoticias.mx\/index.php\/wp-json\/wp\/v2\/media\/36792"}],"wp:attachment":[{"href":"https:\/\/nvnoticias.mx\/index.php\/wp-json\/wp\/v2\/media?parent=36791"}],"wp:term":[{"taxonomy":"category","embeddable":true,"href":"https:\/\/nvnoticias.mx\/index.php\/wp-json\/wp\/v2\/categories?post=36791"},{"taxonomy":"post_tag","embeddable":true,"href":"https:\/\/nvnoticias.mx\/index.php\/wp-json\/wp\/v2\/tags?post=36791"}],"curies":[{"name":"wp","href":"https:\/\/api.w.org\/{rel}","templated":true}]}}