{"id":36700,"date":"2022-01-17T09:21:07","date_gmt":"2022-01-17T15:21:07","guid":{"rendered":"https:\/\/nvnoticias.mx\/?p=36700"},"modified":"2022-01-17T09:21:08","modified_gmt":"2022-01-17T15:21:08","slug":"inicia-aplicacion-de-refuerzo-anticovid-para-personal-educativo-en-veracruz","status":"publish","type":"post","link":"https:\/\/nvnoticias.mx\/index.php\/2022\/01\/17\/inicia-aplicacion-de-refuerzo-anticovid-para-personal-educativo-en-veracruz\/","title":{"rendered":"Inicia aplicaci\u00f3n de refuerzo anticovid para personal educativo en Veracruz"},"content":{"rendered":"\n<p><strong>Sam Ojeda | NV Noticias<\/strong>\u00a0<\/p>\n\n\n\n<p>Xalapa.- A partir de este lunes y hasta el pr\u00f3ximo 21 de enero se aplicar\u00e1 el refuerzo de la vacuna contra el covid-19 en personal educativo de todo el estado de Veracruz.<\/p>\n\n\n\n<p>Se trata de 177 mil trabajadores docente, personal administrativo y de intendencia para lo cual se instalaron 13 sedes en todo el estado.<\/p>\n\n\n\n<p>En Xalapa la vacuna se aplicar\u00e1 en la Escuela Normal Veracruzana \u201cEnrique C. R\u00e9bsamen\u201d y el Gimnasio Omega del 17 al 21 de enero; en Orizaba se realizar\u00e1 en la sede Expori.<\/p>\n\n\n\n<p>En Boca del R\u00edo deber\u00e1n acudir al estadio de futbol Luis \u201cPirata\u201d Fuente mientras que en Coatzacoalcos la sede ser\u00e1 el Instituto Tecnol\u00f3gico de este municipio.<\/p>\n\n\n\n<p>En Tantoyuca que ser\u00e1 el Instituto Tecnol\u00f3gico de ese sitio y la aplicaci\u00f3n ser\u00e1 el 17 y 18 de enero. En Mart\u00ednez De la Torre se aplicar\u00e1 los mismos d\u00edas en la sede del Colegio de Bachilleres del Estado de Veracruz en ese municipio.<\/p>\n\n\n\n<p>El 17 y 18 se aplicar\u00e1 el refuerzo de la acuna en San Andr\u00e9s Tuxtla y la sede ser\u00e1 el Instituto Tecnol\u00f3gico de ese lugar; en Poza Rica la aplicaci\u00f3n de las dosis ser\u00e1 del 17 al 19 de enero en el Instituto Tecnol\u00f3gico de ese municipio.<\/p>\n\n\n\n<p>En Las Choapas ser\u00e1 el 18 y 19 de Nero en el Instituto Tecnol\u00f3gico del lugar; en P\u00e1nuco el personal deber\u00e1 acudir el 19 y 20 de enero al Instituto Tecnol\u00f3gico de ese municipio.<\/p>\n\n\n\n<p>En Cosamaloapan, ser\u00e1 del 19 al 21 de enero, teniendo como sede el InstitutoTecnol\u00f3gico de Cosamaloapan; en Tuxpan ser\u00eda del 19 al 21 en los terrenos de la feria.<\/p>\n\n\n\n<p>En Papantla la aplicaci\u00f3n ser\u00e1 el 20 y 21 de enero teniendo como sede la Escuela Primaria \u201cConcepci\u00f3n Fuentes\u201d.<\/p>\n","protected":false},"excerpt":{"rendered":"<p>Sam Ojeda | NV Noticias\u00a0 Xalapa.- A partir de este lunes y hasta el pr\u00f3ximo 21 de enero se aplicar\u00e1 el refuerzo de la vacuna contra el covid-19 en personal educativo de todo el estado de Veracruz. Se trata de 177 mil trabajadores docente, personal administrativo y de intendencia para lo cual se instalaron 13 [&hellip;]<\/p>\n","protected":false},"author":6,"featured_media":36705,"comment_status":"open","ping_status":"open","sticky":false,"template":"","format":"standard","meta":{"_monsterinsights_skip_tracking":false,"_monsterinsights_sitenote_active":false,"_monsterinsights_sitenote_note":"","_monsterinsights_sitenote_category":0,"footnotes":""},"categories":[156],"tags":[635,162,8074,180],"class_list":["post-36700","post","type-post","status-publish","format-standard","has-post-thumbnail","hentry","category-estado","tag-maestros","tag-portada","tag-refuerzo-anticovid","tag-veracruz","wp-image-borders"],"amp_enabled":true,"_links":{"self":[{"href":"https:\/\/nvnoticias.mx\/index.php\/wp-json\/wp\/v2\/posts\/36700","targetHints":{"allow":["GET"]}}],"collection":[{"href":"https:\/\/nvnoticias.mx\/index.php\/wp-json\/wp\/v2\/posts"}],"about":[{"href":"https:\/\/nvnoticias.mx\/index.php\/wp-json\/wp\/v2\/types\/post"}],"author":[{"embeddable":true,"href":"https:\/\/nvnoticias.mx\/index.php\/wp-json\/wp\/v2\/users\/6"}],"replies":[{"embeddable":true,"href":"https:\/\/nvnoticias.mx\/index.php\/wp-json\/wp\/v2\/comments?post=36700"}],"version-history":[{"count":1,"href":"https:\/\/nvnoticias.mx\/index.php\/wp-json\/wp\/v2\/posts\/36700\/revisions"}],"predecessor-version":[{"id":36706,"href":"https:\/\/nvnoticias.mx\/index.php\/wp-json\/wp\/v2\/posts\/36700\/revisions\/36706"}],"wp:featuredmedia":[{"embeddable":true,"href":"https:\/\/nvnoticias.mx\/index.php\/wp-json\/wp\/v2\/media\/36705"}],"wp:attachment":[{"href":"https:\/\/nvnoticias.mx\/index.php\/wp-json\/wp\/v2\/media?parent=36700"}],"wp:term":[{"taxonomy":"category","embeddable":true,"href":"https:\/\/nvnoticias.mx\/index.php\/wp-json\/wp\/v2\/categories?post=36700"},{"taxonomy":"post_tag","embeddable":true,"href":"https:\/\/nvnoticias.mx\/index.php\/wp-json\/wp\/v2\/tags?post=36700"}],"curies":[{"name":"wp","href":"https:\/\/api.w.org\/{rel}","templated":true}]}}