{"id":36687,"date":"2022-01-16T18:49:29","date_gmt":"2022-01-17T00:49:29","guid":{"rendered":"https:\/\/nvnoticias.mx\/?p=36687"},"modified":"2022-01-16T18:49:29","modified_gmt":"2022-01-17T00:49:29","slug":"van-59-contagios-en-san-lazaro-en-22-refuerzan-medidas-contra-covid","status":"publish","type":"post","link":"https:\/\/nvnoticias.mx\/index.php\/2022\/01\/16\/van-59-contagios-en-san-lazaro-en-22-refuerzan-medidas-contra-covid\/","title":{"rendered":"Van 59 contagios en S\u00e1n L\u00e1zaro en 22; refuerzan medidas contra covid"},"content":{"rendered":"\n<p>La C\u00e1mara de Diputados reforz\u00f3 las medidas sanitarias para contener los contagios de covid-19, tras confirmar que 59 personas, entre ellas nueve legisladores, han dado positivo al coronavirus en lo que va de 2022. <\/p>\n\n\n\n<p>El presidente de la Mesa Directiva en el Palacio de San L\u00e1zaro, Sergio Guti\u00e9rrez Luna, inform\u00f3 que, entre otras acciones, se continuar\u00e1 con la aplicaci\u00f3n de pruebas al personal que asiste al recinto para detectar posibles riesgos, actuar de manera oportuna y evitar una mayor propagaci\u00f3n del virus. <\/p>\n\n\n\n<p>Adicionalmente se mantendr\u00e1n los protocolos sanitarios b\u00e1sicos, como la toma de temperatura y la aplicaci\u00f3n de gel antibacterial en los accesos al recinto, adem\u00e1s de dar prioridad a las labores en modalidad semipresencial, a fin de evitar la asistencia del personal a las instalaciones. <\/p>\n\n\n\n<blockquote class=\"wp-block-quote is-layout-flow wp-block-quote-is-layout-flow\"><p>\u201cLa Direcci\u00f3n de Servicios M\u00e9dicos de esta C\u00e1mara de Diputados da seguimiento a legisladores y personal que se reporta contagiado. En lo que va de este a\u00f1o se han detectado 59 personas infectadas de covid-19, entre ellas nueve legisladores, y el resto, personal que labora en el recinto; del total, 13 se han recuperado de manera satisfactoria\u201d, detall\u00f3 el legislador de Morena.<\/p><\/blockquote>\n\n\n\n<p>Subray\u00f3 que las medidas sanitarias ser\u00e1n reforzadas en el Palacio de San L\u00e1zaro ante el pr\u00f3ximo inicio del segundo periodo de sesiones ordinarias de la 65 Legislatura, el 1 de febrero. <\/p>\n\n\n\n<p>Guti\u00e9rrez Luna reiter\u00f3 que ante la contingencia sanitaria se seguir\u00e1 dando prioridad a la realizaci\u00f3n del trabajo legislativo y administrativo a distancia. <\/p>\n\n\n\n<p>Fuente: Milenio<\/p>\n","protected":false},"excerpt":{"rendered":"<p>La C\u00e1mara de Diputados reforz\u00f3 las medidas sanitarias para contener los contagios de covid-19, tras confirmar que 59 personas, entre ellas nueve legisladores, han dado positivo al coronavirus en lo que va de 2022. El presidente de la Mesa Directiva en el Palacio de San L\u00e1zaro, Sergio Guti\u00e9rrez Luna, inform\u00f3 que, entre otras acciones, se [&hellip;]<\/p>\n","protected":false},"author":7,"featured_media":29206,"comment_status":"open","ping_status":"open","sticky":false,"template":"","format":"standard","meta":{"_monsterinsights_skip_tracking":false,"_monsterinsights_sitenote_active":false,"_monsterinsights_sitenote_note":"","_monsterinsights_sitenote_category":0,"footnotes":""},"categories":[158],"tags":[1555,293,175,4077],"class_list":["post-36687","post","type-post","status-publish","format-standard","has-post-thumbnail","hentry","category-politica","tag-camara-de-diputados","tag-contagios","tag-covid-19","tag-san-lazaro","wp-image-borders"],"amp_enabled":true,"_links":{"self":[{"href":"https:\/\/nvnoticias.mx\/index.php\/wp-json\/wp\/v2\/posts\/36687","targetHints":{"allow":["GET"]}}],"collection":[{"href":"https:\/\/nvnoticias.mx\/index.php\/wp-json\/wp\/v2\/posts"}],"about":[{"href":"https:\/\/nvnoticias.mx\/index.php\/wp-json\/wp\/v2\/types\/post"}],"author":[{"embeddable":true,"href":"https:\/\/nvnoticias.mx\/index.php\/wp-json\/wp\/v2\/users\/7"}],"replies":[{"embeddable":true,"href":"https:\/\/nvnoticias.mx\/index.php\/wp-json\/wp\/v2\/comments?post=36687"}],"version-history":[{"count":1,"href":"https:\/\/nvnoticias.mx\/index.php\/wp-json\/wp\/v2\/posts\/36687\/revisions"}],"predecessor-version":[{"id":36688,"href":"https:\/\/nvnoticias.mx\/index.php\/wp-json\/wp\/v2\/posts\/36687\/revisions\/36688"}],"wp:featuredmedia":[{"embeddable":true,"href":"https:\/\/nvnoticias.mx\/index.php\/wp-json\/wp\/v2\/media\/29206"}],"wp:attachment":[{"href":"https:\/\/nvnoticias.mx\/index.php\/wp-json\/wp\/v2\/media?parent=36687"}],"wp:term":[{"taxonomy":"category","embeddable":true,"href":"https:\/\/nvnoticias.mx\/index.php\/wp-json\/wp\/v2\/categories?post=36687"},{"taxonomy":"post_tag","embeddable":true,"href":"https:\/\/nvnoticias.mx\/index.php\/wp-json\/wp\/v2\/tags?post=36687"}],"curies":[{"name":"wp","href":"https:\/\/api.w.org\/{rel}","templated":true}]}}