{"id":36582,"date":"2022-01-15T14:25:58","date_gmt":"2022-01-15T20:25:58","guid":{"rendered":"https:\/\/nvnoticias.mx\/?p=36582"},"modified":"2022-01-15T14:25:59","modified_gmt":"2022-01-15T20:25:59","slug":"se-espera-viento-intenso-para-este-sabado","status":"publish","type":"post","link":"https:\/\/nvnoticias.mx\/index.php\/2022\/01\/15\/se-espera-viento-intenso-para-este-sabado\/","title":{"rendered":"Se espera viento intenso para este s\u00e1bado"},"content":{"rendered":"\n<p><strong>Jes\u00fas Utrilla | NV Noticias<\/strong><br>Veracruz.- El frente fr\u00edo n\u00famero 22 cruzar\u00e1 al medio d\u00eda del s\u00e1bado la regi\u00f3n de Tamiahua, cerca de las 6 de la tarde cruzar\u00e1 los Tuxtlas para que a las 10 de la noche ya se encuentre en Campeche.<\/p>\n\n\n\n<p>Federico Acevedo Rosas, subcoordinador de Pron\u00f3stico Meteorol\u00f3gico, dijo que en 24 horas se desplazar\u00e1 desde el sur de Texas a la Isla de Cozumel.<\/p>\n\n\n\n<p>Su paso por Veracruz ser\u00e1 r\u00e1pido pero la intensidad del viento ser\u00e1 fuerte, aunque no tan intenso como el frente fr\u00edo numero 19. Sin embargo, en dos horas la intensidad pasar\u00e1 de 20 a 100 kil\u00f3metros por hora por lo que recomend\u00f3 adoptar precauciones. Se sentir\u00e1 en todo el litoral de Veracruz. En Xalapa se sentir\u00e1 el viento aunque menos intenso al evento pasado.<\/p>\n\n\n\n<p>La m\u00e1xima velocidad ser\u00e1 durante la tarde y parte de la noche. Mientras que en el puerto de Veracruz y Boca Del R\u00edo el frente fr\u00edo con sus efectos ingresar\u00e1 cerca de las 3 de la tarde, pero el viento se intensificar\u00e1 con rapidez por ello se considera explosivo.<br>Persistir\u00e1 viento durante la noche y lo m\u00e1s fuerte ser\u00e1 entre las 16 y 18 horas.<br>Para el domingo decrecer\u00e1 en la conurbacion.<\/p>\n\n\n\n<p>Los m\u00e1ximos acumulados se concentrar\u00e1n en Los Tuxtlas, Coatzacoalcos y Tonal\u00e1.<br>Para el lunes y martes habr\u00e1 probabilidad de lluvia baja en todo el estado pero habr\u00e1 un descenso considerable de la temperatura, sobre todo en la zona norte.<\/p>\n","protected":false},"excerpt":{"rendered":"<p>Jes\u00fas Utrilla | NV NoticiasVeracruz.- El frente fr\u00edo n\u00famero 22 cruzar\u00e1 al medio d\u00eda del s\u00e1bado la regi\u00f3n de Tamiahua, cerca de las 6 de la tarde cruzar\u00e1 los Tuxtlas para que a las 10 de la noche ya se encuentre en Campeche. Federico Acevedo Rosas, subcoordinador de Pron\u00f3stico Meteorol\u00f3gico, dijo que en 24 horas [&hellip;]<\/p>\n","protected":false},"author":35,"featured_media":8074,"comment_status":"open","ping_status":"open","sticky":false,"template":"","format":"standard","meta":{"_monsterinsights_skip_tracking":false,"_monsterinsights_sitenote_active":false,"_monsterinsights_sitenote_note":"","_monsterinsights_sitenote_category":0,"footnotes":""},"categories":[154],"tags":[8630,8629,8334],"class_list":["post-36582","post","type-post","status-publish","format-standard","has-post-thumbnail","hentry","category-veracruz","tag-frente-frio-22","tag-intenso","tag-viento","wp-image-borders"],"amp_enabled":true,"_links":{"self":[{"href":"https:\/\/nvnoticias.mx\/index.php\/wp-json\/wp\/v2\/posts\/36582","targetHints":{"allow":["GET"]}}],"collection":[{"href":"https:\/\/nvnoticias.mx\/index.php\/wp-json\/wp\/v2\/posts"}],"about":[{"href":"https:\/\/nvnoticias.mx\/index.php\/wp-json\/wp\/v2\/types\/post"}],"author":[{"embeddable":true,"href":"https:\/\/nvnoticias.mx\/index.php\/wp-json\/wp\/v2\/users\/35"}],"replies":[{"embeddable":true,"href":"https:\/\/nvnoticias.mx\/index.php\/wp-json\/wp\/v2\/comments?post=36582"}],"version-history":[{"count":1,"href":"https:\/\/nvnoticias.mx\/index.php\/wp-json\/wp\/v2\/posts\/36582\/revisions"}],"predecessor-version":[{"id":36583,"href":"https:\/\/nvnoticias.mx\/index.php\/wp-json\/wp\/v2\/posts\/36582\/revisions\/36583"}],"wp:featuredmedia":[{"embeddable":true,"href":"https:\/\/nvnoticias.mx\/index.php\/wp-json\/wp\/v2\/media\/8074"}],"wp:attachment":[{"href":"https:\/\/nvnoticias.mx\/index.php\/wp-json\/wp\/v2\/media?parent=36582"}],"wp:term":[{"taxonomy":"category","embeddable":true,"href":"https:\/\/nvnoticias.mx\/index.php\/wp-json\/wp\/v2\/categories?post=36582"},{"taxonomy":"post_tag","embeddable":true,"href":"https:\/\/nvnoticias.mx\/index.php\/wp-json\/wp\/v2\/tags?post=36582"}],"curies":[{"name":"wp","href":"https:\/\/api.w.org\/{rel}","templated":true}]}}