{"id":36573,"date":"2022-01-15T12:59:46","date_gmt":"2022-01-15T18:59:46","guid":{"rendered":"https:\/\/nvnoticias.mx\/?p=36573"},"modified":"2022-01-15T12:59:47","modified_gmt":"2022-01-15T18:59:47","slug":"personas-con-sintomas-deben-hacerse-prueba-covid-para-contener-contagios","status":"publish","type":"post","link":"https:\/\/nvnoticias.mx\/index.php\/2022\/01\/15\/personas-con-sintomas-deben-hacerse-prueba-covid-para-contener-contagios\/","title":{"rendered":"Personas con s\u00edntomas deben hacerse prueba covid para contener contagios"},"content":{"rendered":"\n<p><strong>Sam Ojeda | NV Noticias<\/strong><\/p>\n\n\n\n<p>Xalapa.- El presidente del Colegio de Medicina Interna del Estado de Veracruz, Alejandro Barrat Hern\u00e1ndez, dijo que es necesario que <strong>quienes presenten s\u00edntomas como dolor de garganta, fiebre o dolor de cuerpo, se realicen pruebas de covid-19.<\/strong><\/p>\n\n\n\n<p>Dijo que aunque se ha dicho que la variante \u00f3micron presenta s\u00edntomas menos graves, esto no es del todo cierto en todos los casos, adem\u00e1s de no ser la \u00fanica variante que circula.<\/p>\n\n\n\n<p>Se\u00f1ala que la variante Delta tambi\u00e9n est\u00e1 presente y por tanto hay posibilidades de agravamiento entre las personas que dan positivas, de ah\u00ed la importancia de un diagn\u00f3stico a tiempo.<\/p>\n\n\n\n<blockquote class=\"wp-block-quote is-layout-flow wp-block-quote-is-layout-flow\"><p>\u201cTodos paciente que tenga un proceso infeccioso respiratorio alto todos deben hacerse una prueba de detecci\u00f3n covid, preferentemente PCR porque hemos visto con la nueva cepa que las pruebas de ant\u00edgenos dan falsos negativos, sobre todo en los primeros dos o tres d\u00edas. Aunque se ha dicho que la nueva ola es de no complicaciones eso es parcialmente cierto porque la cepa \u00f3micron pero no est\u00e1 exenta de ella y a\u00fan hay cepa Delta circulando\u201d.<\/p><\/blockquote>\n\n\n\n<p>Agreg\u00f3 que la \u00fanica forma de saber c\u00f3mo se comporta la epidemia es a partir de las pruebas y sin hacerlas no hay manera de saberlo, con lo cual se genera un subregistro que es uno de los grandes retos que se tienen.<\/p>\n\n\n\n<p>Barrat Hern\u00e1ndez pidi\u00f3 a la poblaci\u00f3n acudir a laboratorios con experiencia, pues advirti\u00f3 que se promocionan pruebas caseras inadecuadas e incluso en los laboratorios hay falsos negativos.<\/p>\n\n\n\n<blockquote class=\"wp-block-quote is-layout-flow wp-block-quote-is-layout-flow\"><p>\u201cUna persona que tiene s\u00edntomas debe mantenerse en aislamiento porque finalmente tiene una infecci\u00f3n y si no es covid, es influenza o alguna otra y no es correcto que andemos regando infecciones por todas partes. Hay que mantenerse asilados, asumirse como positivos, esperar al cuarto d\u00eda porque la posibilidad de que los ant\u00edgenos salgan con falsaos negativos es baja\u201d.<\/p><\/blockquote>\n","protected":false},"excerpt":{"rendered":"<p>Sam Ojeda | NV Noticias Xalapa.- El presidente del Colegio de Medicina Interna del Estado de Veracruz, Alejandro Barrat Hern\u00e1ndez, dijo que es necesario que quienes presenten s\u00edntomas como dolor de garganta, fiebre o dolor de cuerpo, se realicen pruebas de covid-19. Dijo que aunque se ha dicho que la variante \u00f3micron presenta s\u00edntomas menos [&hellip;]<\/p>\n","protected":false},"author":6,"featured_media":32127,"comment_status":"open","ping_status":"open","sticky":false,"template":"","format":"standard","meta":{"_monsterinsights_skip_tracking":false,"_monsterinsights_sitenote_active":false,"_monsterinsights_sitenote_note":"","_monsterinsights_sitenote_category":0,"footnotes":""},"categories":[156],"tags":[175,162,798],"class_list":["post-36573","post","type-post","status-publish","format-standard","has-post-thumbnail","hentry","category-estado","tag-covid-19","tag-portada","tag-prueba","wp-image-borders"],"amp_enabled":true,"_links":{"self":[{"href":"https:\/\/nvnoticias.mx\/index.php\/wp-json\/wp\/v2\/posts\/36573","targetHints":{"allow":["GET"]}}],"collection":[{"href":"https:\/\/nvnoticias.mx\/index.php\/wp-json\/wp\/v2\/posts"}],"about":[{"href":"https:\/\/nvnoticias.mx\/index.php\/wp-json\/wp\/v2\/types\/post"}],"author":[{"embeddable":true,"href":"https:\/\/nvnoticias.mx\/index.php\/wp-json\/wp\/v2\/users\/6"}],"replies":[{"embeddable":true,"href":"https:\/\/nvnoticias.mx\/index.php\/wp-json\/wp\/v2\/comments?post=36573"}],"version-history":[{"count":1,"href":"https:\/\/nvnoticias.mx\/index.php\/wp-json\/wp\/v2\/posts\/36573\/revisions"}],"predecessor-version":[{"id":36574,"href":"https:\/\/nvnoticias.mx\/index.php\/wp-json\/wp\/v2\/posts\/36573\/revisions\/36574"}],"wp:featuredmedia":[{"embeddable":true,"href":"https:\/\/nvnoticias.mx\/index.php\/wp-json\/wp\/v2\/media\/32127"}],"wp:attachment":[{"href":"https:\/\/nvnoticias.mx\/index.php\/wp-json\/wp\/v2\/media?parent=36573"}],"wp:term":[{"taxonomy":"category","embeddable":true,"href":"https:\/\/nvnoticias.mx\/index.php\/wp-json\/wp\/v2\/categories?post=36573"},{"taxonomy":"post_tag","embeddable":true,"href":"https:\/\/nvnoticias.mx\/index.php\/wp-json\/wp\/v2\/tags?post=36573"}],"curies":[{"name":"wp","href":"https:\/\/api.w.org\/{rel}","templated":true}]}}