{"id":36560,"date":"2022-01-15T11:26:46","date_gmt":"2022-01-15T17:26:46","guid":{"rendered":"https:\/\/nvnoticias.mx\/?p=36560"},"modified":"2022-01-15T11:26:47","modified_gmt":"2022-01-15T17:26:47","slug":"por-repunte-de-covid-19-alcalde-de-xalapa-suspende-audiencias-ciudadanas","status":"publish","type":"post","link":"https:\/\/nvnoticias.mx\/index.php\/2022\/01\/15\/por-repunte-de-covid-19-alcalde-de-xalapa-suspende-audiencias-ciudadanas\/","title":{"rendered":"Por repunte de covid-19, alcalde de Xalapa suspende audiencias ciudadanas"},"content":{"rendered":"\n<p><strong>Sam Ojeda | NV Noticias<\/strong><\/p>\n\n\n\n<p>Xalapa.- El alcalde de Xalapa, Ricardo Ahued Bardahuil, dijo que debido al repunte de casos covid-19 las audiencias ciudadanas matutinas se suspender\u00e1n hasta el pr\u00f3ximo 23 de enero.<\/p>\n\n\n\n<blockquote class=\"wp-block-quote is-layout-flow wp-block-quote-is-layout-flow\"><p>\u201cLas audiencias ciudadanas quedaron suspendidas hasta el 23 que emitan otro protocolo y seguir atendiendo pero con los cuidados necesarios para no poner en riesgo a la poblaci\u00f3n\u201d.<\/p><\/blockquote>\n\n\n\n<p>Este lunes personal del Ayuntamiento y del DIF municipal se reunir\u00e1 con funcionarios de la Secretar\u00eda de Salud para establecer medidas a fin de restringir los contagios de covid-19.<\/p>\n\n\n\n<blockquote class=\"wp-block-quote is-layout-flow wp-block-quote-is-layout-flow\"><p>\u201cEstamos respetando los protocolos, los avisos que nos remite la Secretar\u00eda de Salud y lo haremos para seguir trabajando y cuidando a todos (\u2026) Hay que estar pendientes, tenemos reuni\u00f3n el lunes con la Secretar\u00eda de Salud de Veracruz y el DIF municipal para tomar acciones en conjunto\u201d.<\/p><\/blockquote>\n\n\n\n<p>El alcalde se\u00f1al\u00f3 que a la par han pedido a los empresarios que en sus comercios respeten las medidas de restricci\u00f3n que est\u00e1n establecidas en el sem\u00e1foro epidemiol\u00f3gico.<\/p>\n\n\n\n<p>Sobre la jornada de limpieza, indic\u00f3 que es parte del mejoramiento de imagen urbana que se tiene planeado con los municipios vecinos para atraer turismo.<\/p>\n","protected":false},"excerpt":{"rendered":"<p>Sam Ojeda | NV Noticias Xalapa.- El alcalde de Xalapa, Ricardo Ahued Bardahuil, dijo que debido al repunte de casos covid-19 las audiencias ciudadanas matutinas se suspender\u00e1n hasta el pr\u00f3ximo 23 de enero. \u201cLas audiencias ciudadanas quedaron suspendidas hasta el 23 que emitan otro protocolo y seguir atendiendo pero con los cuidados necesarios para no [&hellip;]<\/p>\n","protected":false},"author":6,"featured_media":36561,"comment_status":"open","ping_status":"open","sticky":false,"template":"","format":"standard","meta":{"_monsterinsights_skip_tracking":false,"_monsterinsights_sitenote_active":false,"_monsterinsights_sitenote_note":"","_monsterinsights_sitenote_category":0,"footnotes":""},"categories":[156],"tags":[175,312],"class_list":["post-36560","post","type-post","status-publish","format-standard","has-post-thumbnail","hentry","category-estado","tag-covid-19","tag-xalapa","wp-image-borders"],"amp_enabled":true,"_links":{"self":[{"href":"https:\/\/nvnoticias.mx\/index.php\/wp-json\/wp\/v2\/posts\/36560","targetHints":{"allow":["GET"]}}],"collection":[{"href":"https:\/\/nvnoticias.mx\/index.php\/wp-json\/wp\/v2\/posts"}],"about":[{"href":"https:\/\/nvnoticias.mx\/index.php\/wp-json\/wp\/v2\/types\/post"}],"author":[{"embeddable":true,"href":"https:\/\/nvnoticias.mx\/index.php\/wp-json\/wp\/v2\/users\/6"}],"replies":[{"embeddable":true,"href":"https:\/\/nvnoticias.mx\/index.php\/wp-json\/wp\/v2\/comments?post=36560"}],"version-history":[{"count":1,"href":"https:\/\/nvnoticias.mx\/index.php\/wp-json\/wp\/v2\/posts\/36560\/revisions"}],"predecessor-version":[{"id":36562,"href":"https:\/\/nvnoticias.mx\/index.php\/wp-json\/wp\/v2\/posts\/36560\/revisions\/36562"}],"wp:featuredmedia":[{"embeddable":true,"href":"https:\/\/nvnoticias.mx\/index.php\/wp-json\/wp\/v2\/media\/36561"}],"wp:attachment":[{"href":"https:\/\/nvnoticias.mx\/index.php\/wp-json\/wp\/v2\/media?parent=36560"}],"wp:term":[{"taxonomy":"category","embeddable":true,"href":"https:\/\/nvnoticias.mx\/index.php\/wp-json\/wp\/v2\/categories?post=36560"},{"taxonomy":"post_tag","embeddable":true,"href":"https:\/\/nvnoticias.mx\/index.php\/wp-json\/wp\/v2\/tags?post=36560"}],"curies":[{"name":"wp","href":"https:\/\/api.w.org\/{rel}","templated":true}]}}