{"id":36555,"date":"2022-01-15T11:17:38","date_gmt":"2022-01-15T17:17:38","guid":{"rendered":"https:\/\/nvnoticias.mx\/?p=36555"},"modified":"2022-01-15T11:17:39","modified_gmt":"2022-01-15T17:17:39","slug":"secretario-y-gobierno-afirman-que-acataran-decision-del-senado","status":"publish","type":"post","link":"https:\/\/nvnoticias.mx\/index.php\/2022\/01\/15\/secretario-y-gobierno-afirman-que-acataran-decision-del-senado\/","title":{"rendered":"Secretario y Gobierno afirman que acatar\u00e1n decisi\u00f3n del Senado"},"content":{"rendered":"\n<p><strong>Sam Ojeda | NV Noticias<\/strong><\/p>\n\n\n\n<p>Xalapa.- El secretario de Gobierno, Eric Cisneros Burgos, dijo que acatar\u00e1n lo que determine el Senado, en donde se cre\u00f3 una comisi\u00f3n especial para analizar la posible violaci\u00f3n al estado de derecho en el estado.<\/p>\n\n\n\n<p>Entrevistado en la jornada de limpieza en el bulevar Xalapa-Coatepec, dijo que a veces es muy sencillo ver la paja en el ojo ajeno y no en el propio.<\/p>\n\n\n\n<blockquote class=\"wp-block-quote is-layout-flow wp-block-quote-is-layout-flow\"><p>\u201cEs complicado entonces hay senadores que representan a otras regiones de M\u00e9xico y se eval\u00faa poco su actuar en esas regiones\u201d, coment\u00f3 sin aclarar a qui\u00e9n se refer\u00eda.<\/p><\/blockquote>\n\n\n\n<p>Y a\u00f1adi\u00f3 que su actuar est\u00e1 enmarcado \u201cen una caja de cristal\u201d y que se somete al escrutinio de los veracruzanos igual que el gobernador Cuitl\u00e1huac Garc\u00eda Jim\u00e9nez.<\/p>\n\n\n\n<blockquote class=\"wp-block-quote is-layout-flow wp-block-quote-is-layout-flow\"><p>\u201cNuestro actuar en todos los sentidos, hasta los bolsillos es como una caja de cristal, estar\u00e1 siempre sometido al escrutinio de los veracruzanos. Somos respetuosos de todas las instancias de Gobierno y de las C\u00e1maras, lo que ellos determinen nosotros siempre vamos a estar disposici\u00f3n no solo de ellos sino de cualquier autoridad y estamos m\u00e1s a disposici\u00f3n del juicio de los veracruzanos que es el que m\u00e1s nos importa y es para quienes trabajamos todos los d\u00edas\u201d.<\/p><\/blockquote>\n\n\n\n<p>Cisneros Burgos agreg\u00f3 que el respaldo que han brindado diversos pol\u00edticos tanto a \u00e9l como al mandatario son importantes pero insisti\u00f3 en que son los veracruzanos quienes tienen la mejor opini\u00f3n.<\/p>\n\n\n\n<p>El funcionario agreg\u00f3 que en Veracruz es gobernabilidad plena y que se ha trabajado en coordinaci\u00f3n con los nuevos alcaldes, tal como se hizo con los anteriores.<\/p>\n\n\n\n<blockquote class=\"wp-block-quote is-layout-flow wp-block-quote-is-layout-flow\"><p>\u201cHa sido una coordinaci\u00f3n buena, el estado en sus regiones est\u00e1 en completa gobernabilidad en sus municipios y creo que es producto del ejemplo del Presidente y del Gobernador y eso ha permeado a lao diferentes municipios del estado\u201d.<\/p><\/blockquote>\n","protected":false},"excerpt":{"rendered":"<p>Sam Ojeda | NV Noticias Xalapa.- El secretario de Gobierno, Eric Cisneros Burgos, dijo que acatar\u00e1n lo que determine el Senado, en donde se cre\u00f3 una comisi\u00f3n especial para analizar la posible violaci\u00f3n al estado de derecho en el estado. Entrevistado en la jornada de limpieza en el bulevar Xalapa-Coatepec, dijo que a veces es [&hellip;]<\/p>\n","protected":false},"author":6,"featured_media":36556,"comment_status":"open","ping_status":"open","sticky":false,"template":"","format":"standard","meta":{"_monsterinsights_skip_tracking":false,"_monsterinsights_sitenote_active":false,"_monsterinsights_sitenote_note":"","_monsterinsights_sitenote_category":0,"footnotes":""},"categories":[156],"tags":[299,1900,162,369],"class_list":["post-36555","post","type-post","status-publish","format-standard","has-post-thumbnail","hentry","category-estado","tag-gobierno","tag-gobierno-federal","tag-portada","tag-senado","wp-image-borders"],"amp_enabled":true,"_links":{"self":[{"href":"https:\/\/nvnoticias.mx\/index.php\/wp-json\/wp\/v2\/posts\/36555","targetHints":{"allow":["GET"]}}],"collection":[{"href":"https:\/\/nvnoticias.mx\/index.php\/wp-json\/wp\/v2\/posts"}],"about":[{"href":"https:\/\/nvnoticias.mx\/index.php\/wp-json\/wp\/v2\/types\/post"}],"author":[{"embeddable":true,"href":"https:\/\/nvnoticias.mx\/index.php\/wp-json\/wp\/v2\/users\/6"}],"replies":[{"embeddable":true,"href":"https:\/\/nvnoticias.mx\/index.php\/wp-json\/wp\/v2\/comments?post=36555"}],"version-history":[{"count":1,"href":"https:\/\/nvnoticias.mx\/index.php\/wp-json\/wp\/v2\/posts\/36555\/revisions"}],"predecessor-version":[{"id":36557,"href":"https:\/\/nvnoticias.mx\/index.php\/wp-json\/wp\/v2\/posts\/36555\/revisions\/36557"}],"wp:featuredmedia":[{"embeddable":true,"href":"https:\/\/nvnoticias.mx\/index.php\/wp-json\/wp\/v2\/media\/36556"}],"wp:attachment":[{"href":"https:\/\/nvnoticias.mx\/index.php\/wp-json\/wp\/v2\/media?parent=36555"}],"wp:term":[{"taxonomy":"category","embeddable":true,"href":"https:\/\/nvnoticias.mx\/index.php\/wp-json\/wp\/v2\/categories?post=36555"},{"taxonomy":"post_tag","embeddable":true,"href":"https:\/\/nvnoticias.mx\/index.php\/wp-json\/wp\/v2\/tags?post=36555"}],"curies":[{"name":"wp","href":"https:\/\/api.w.org\/{rel}","templated":true}]}}