{"id":36451,"date":"2022-01-14T11:32:16","date_gmt":"2022-01-14T17:32:16","guid":{"rendered":"https:\/\/nvnoticias.mx\/?p=36451"},"modified":"2022-01-14T11:32:17","modified_gmt":"2022-01-14T17:32:17","slug":"se-espera-viento-de-hasta-110-km-hr-para-este-sabado","status":"publish","type":"post","link":"https:\/\/nvnoticias.mx\/index.php\/2022\/01\/14\/se-espera-viento-de-hasta-110-km-hr-para-este-sabado\/","title":{"rendered":"Se espera viento de hasta 110 km\/hr para este s\u00e1bado"},"content":{"rendered":"\n<p><strong>Jes\u00fas Utrilla | NV Noticias<\/strong><\/p>\n\n\n\n<p>La Direcci\u00f3n de Protecci\u00f3n Civil de Boca Del R\u00edo decret\u00f3 Alerta Gris por la entrada del Frente Fr\u00edo 22.<\/p>\n\n\n\n<p>El evento generar\u00e1 viento sostenido de 60 a 70 kil\u00f3metros por hora y rachas de 85 a 110 kil\u00f3metros por hora durante el s\u00e1bado.<\/p>\n\n\n\n<p>La Direcci\u00f3n de Protecci\u00f3n Civil Municipal informa pidi\u00f3 a la poblaci\u00f3n estar atenta al pron\u00f3stico del tiempo.<\/p>\n\n\n\n<p>Se espera que el viento decrezca para el domingo y comience un descenso de temperatura.<\/p>\n\n\n\n<p>Sin embargo, pidieron estar pendientes de las actualizaciones del estado del tiempo.<\/p>\n\n\n\n<p>Resguardar su seguridad en casa y evitar salir a la calle.<\/p>\n\n\n\n<p>Sujetar firmemente todo lo que pueda salir proyectado.<\/p>\n\n\n\n<p>Las autoridades municipales de Protecci\u00f3n Civil de Boca del R\u00edo continuar\u00e1n informando a la poblaci\u00f3n conforme a la actualizaci\u00f3n de los pron\u00f3sticos, pero tambi\u00e9n pusieron a disposici\u00f3n el n\u00famero 911 para cualquier emergencia.<\/p>\n","protected":false},"excerpt":{"rendered":"<p>Jes\u00fas Utrilla | NV Noticias La Direcci\u00f3n de Protecci\u00f3n Civil de Boca Del R\u00edo decret\u00f3 Alerta Gris por la entrada del Frente Fr\u00edo 22. El evento generar\u00e1 viento sostenido de 60 a 70 kil\u00f3metros por hora y rachas de 85 a 110 kil\u00f3metros por hora durante el s\u00e1bado. La Direcci\u00f3n de Protecci\u00f3n Civil Municipal informa [&hellip;]<\/p>\n","protected":false},"author":6,"featured_media":35967,"comment_status":"open","ping_status":"open","sticky":false,"template":"","format":"standard","meta":{"_monsterinsights_skip_tracking":false,"_monsterinsights_sitenote_active":false,"_monsterinsights_sitenote_note":"","_monsterinsights_sitenote_category":0,"footnotes":""},"categories":[154],"tags":[5677,162,8334],"class_list":["post-36451","post","type-post","status-publish","format-standard","has-post-thumbnail","hentry","category-veracruz","tag-alerta-gris","tag-portada","tag-viento","wp-image-borders"],"amp_enabled":true,"_links":{"self":[{"href":"https:\/\/nvnoticias.mx\/index.php\/wp-json\/wp\/v2\/posts\/36451","targetHints":{"allow":["GET"]}}],"collection":[{"href":"https:\/\/nvnoticias.mx\/index.php\/wp-json\/wp\/v2\/posts"}],"about":[{"href":"https:\/\/nvnoticias.mx\/index.php\/wp-json\/wp\/v2\/types\/post"}],"author":[{"embeddable":true,"href":"https:\/\/nvnoticias.mx\/index.php\/wp-json\/wp\/v2\/users\/6"}],"replies":[{"embeddable":true,"href":"https:\/\/nvnoticias.mx\/index.php\/wp-json\/wp\/v2\/comments?post=36451"}],"version-history":[{"count":1,"href":"https:\/\/nvnoticias.mx\/index.php\/wp-json\/wp\/v2\/posts\/36451\/revisions"}],"predecessor-version":[{"id":36452,"href":"https:\/\/nvnoticias.mx\/index.php\/wp-json\/wp\/v2\/posts\/36451\/revisions\/36452"}],"wp:featuredmedia":[{"embeddable":true,"href":"https:\/\/nvnoticias.mx\/index.php\/wp-json\/wp\/v2\/media\/35967"}],"wp:attachment":[{"href":"https:\/\/nvnoticias.mx\/index.php\/wp-json\/wp\/v2\/media?parent=36451"}],"wp:term":[{"taxonomy":"category","embeddable":true,"href":"https:\/\/nvnoticias.mx\/index.php\/wp-json\/wp\/v2\/categories?post=36451"},{"taxonomy":"post_tag","embeddable":true,"href":"https:\/\/nvnoticias.mx\/index.php\/wp-json\/wp\/v2\/tags?post=36451"}],"curies":[{"name":"wp","href":"https:\/\/api.w.org\/{rel}","templated":true}]}}