{"id":36414,"date":"2022-01-14T10:04:13","date_gmt":"2022-01-14T16:04:13","guid":{"rendered":"https:\/\/nvnoticias.mx\/?p=36414"},"modified":"2022-01-14T10:04:15","modified_gmt":"2022-01-14T16:04:15","slug":"fiscalia-detiene-a-dos-por-agresion-a-familia-rechy-en-xalapa","status":"publish","type":"post","link":"https:\/\/nvnoticias.mx\/index.php\/2022\/01\/14\/fiscalia-detiene-a-dos-por-agresion-a-familia-rechy-en-xalapa\/","title":{"rendered":"Fiscal\u00eda detiene a dos por agresi\u00f3n a familia Rechy en Xalapa"},"content":{"rendered":"\n<p><strong>Sam Ojeda | NV Noticias<\/strong>&nbsp;<\/p>\n\n\n\n<p>Xalapa.- La Fiscal\u00eda General de Veracruz (FGE) detuvo a dos personas relacionadas con el homicidio y agresi\u00f3n en contra de una pareja de adultos mayores ocurrido durante la semana pasada en el fraccionamiento El Porvenir de esta ciudad.<\/p>\n\n\n\n<p>Se trata del caso de la agresi\u00f3n contra el ex director Ra\u00fal Enrique Rechy y su esposa, que falleci\u00f3 en el momento de la agresi\u00f3n.<\/p>\n\n\n\n<p>La Fiscal\u00eda inform\u00f3 que los detenidos, un hombre y una mujer fueron detenidos por su presunta responsabilidad en los delitos de homicidio doloso calificado, homicidio dolosos calificado en grado de tentativa, robo a casa-habitaci\u00f3n y robo de veh\u00edculo.<\/p>\n\n\n\n<p>Se trata de Leticia Beatriz \u201cN\u201d, y Mauricio \u201cN\u201d, a quienes la Fiscal\u00eda se\u00f1ala como presuntos responsables del agravio del matrimonio Rechy Beristain, dentro del proceso penal 04\/2022.<\/p>\n\n\n\n<blockquote class=\"wp-block-quote is-layout-flow wp-block-quote-is-layout-flow\"><p>\u201cRespetando sus derechos humanos y el debido proceso ser\u00e1n presentados este d\u00eda en audiencia inicial al juez de proceso y procedimiento penal oral del XI Distrito Judicial de Xalapa que los requiere, para que defina su situaci\u00f3n jur\u00eddica\u201d, se\u00f1ala la informaci\u00f3n oficial.<\/p><\/blockquote>\n","protected":false},"excerpt":{"rendered":"<p>Sam Ojeda | NV Noticias&nbsp; Xalapa.- La Fiscal\u00eda General de Veracruz (FGE) detuvo a dos personas relacionadas con el homicidio y agresi\u00f3n en contra de una pareja de adultos mayores ocurrido durante la semana pasada en el fraccionamiento El Porvenir de esta ciudad. Se trata del caso de la agresi\u00f3n contra el ex director Ra\u00fal [&hellip;]<\/p>\n","protected":false},"author":6,"featured_media":35873,"comment_status":"open","ping_status":"open","sticky":false,"template":"","format":"standard","meta":{"_monsterinsights_skip_tracking":false,"_monsterinsights_sitenote_active":false,"_monsterinsights_sitenote_note":"","_monsterinsights_sitenote_category":0,"footnotes":""},"categories":[156],"tags":[788,8575,312],"class_list":["post-36414","post","type-post","status-publish","format-standard","has-post-thumbnail","hentry","category-estado","tag-detenidos","tag-familia-rechy","tag-xalapa","wp-image-borders"],"amp_enabled":true,"_links":{"self":[{"href":"https:\/\/nvnoticias.mx\/index.php\/wp-json\/wp\/v2\/posts\/36414","targetHints":{"allow":["GET"]}}],"collection":[{"href":"https:\/\/nvnoticias.mx\/index.php\/wp-json\/wp\/v2\/posts"}],"about":[{"href":"https:\/\/nvnoticias.mx\/index.php\/wp-json\/wp\/v2\/types\/post"}],"author":[{"embeddable":true,"href":"https:\/\/nvnoticias.mx\/index.php\/wp-json\/wp\/v2\/users\/6"}],"replies":[{"embeddable":true,"href":"https:\/\/nvnoticias.mx\/index.php\/wp-json\/wp\/v2\/comments?post=36414"}],"version-history":[{"count":2,"href":"https:\/\/nvnoticias.mx\/index.php\/wp-json\/wp\/v2\/posts\/36414\/revisions"}],"predecessor-version":[{"id":36422,"href":"https:\/\/nvnoticias.mx\/index.php\/wp-json\/wp\/v2\/posts\/36414\/revisions\/36422"}],"wp:featuredmedia":[{"embeddable":true,"href":"https:\/\/nvnoticias.mx\/index.php\/wp-json\/wp\/v2\/media\/35873"}],"wp:attachment":[{"href":"https:\/\/nvnoticias.mx\/index.php\/wp-json\/wp\/v2\/media?parent=36414"}],"wp:term":[{"taxonomy":"category","embeddable":true,"href":"https:\/\/nvnoticias.mx\/index.php\/wp-json\/wp\/v2\/categories?post=36414"},{"taxonomy":"post_tag","embeddable":true,"href":"https:\/\/nvnoticias.mx\/index.php\/wp-json\/wp\/v2\/tags?post=36414"}],"curies":[{"name":"wp","href":"https:\/\/api.w.org\/{rel}","templated":true}]}}