{"id":36386,"date":"2022-01-13T14:06:28","date_gmt":"2022-01-13T20:06:28","guid":{"rendered":"https:\/\/nvnoticias.mx\/?p=36386"},"modified":"2022-01-13T14:06:29","modified_gmt":"2022-01-13T20:06:29","slug":"aspero-inicio-de-ano","status":"publish","type":"post","link":"https:\/\/nvnoticias.mx\/index.php\/2022\/01\/13\/aspero-inicio-de-ano\/","title":{"rendered":"\u00c1spero inicio de a\u00f1o"},"content":{"rendered":"\n<p class=\"has-text-align-right\"><strong>Por: Jorge Luis Malpica Ortiz<\/strong><\/p>\n\n\n\n<p>Este a\u00f1o 2022 empez\u00f3 con mucha turbulencia en los distintos \u00e1mbitos de la vida p\u00fablica en M\u00e9xico. Serios vaivenes en lo econ\u00f3mico, pol\u00edtico y de salud est\u00e1n prendiendo los focos de alerta para que estemos muy bien preparados a lo que se pueda venir.<\/p>\n\n\n\n<p>En lo pol\u00edtico, la situaci\u00f3n de inseguridad y violencia que ha escalado en todo el pa\u00eds est\u00e1 poniendo en jaque a las autoridades federales, porque ya los norteamericanos est\u00e1n viendo con mucha preocupaci\u00f3n que nada m\u00e1s en M\u00e9xico no se hace nada para combatir el crimen. \u00a1Aguas!<\/p>\n\n\n\n<p>Por otra parte, la reyerta directa que trae el Senador de Morena, l\u00edder de la bancada y presidente de Jucopo,<\/p>\n\n\n\n<p>Ricardo Monreal, en contra del gobierno de Cuitl\u00e1huac Garc\u00eda por el encarcelamiento de su brazo derecho y secretario de la Jucopo del Senado, Jos\u00e9 Manuel Del R\u00edo Virgen, est\u00e1 ocasionando un fuerte golpe al acontecer p\u00fablico porque el enfrentamiento que se est\u00e1 dando es entre una entidad federativa, Veracruz,&nbsp; en contra de uno de los poderes de la Naci\u00f3n,&nbsp; el Senado, perteneciente&nbsp; al poder legislativo. El tema no es menor y las consecuencias que resulten de \u00e9l ser\u00e1n decisivas para el devenir de la politica nacional.<\/p>\n\n\n\n<p>En lo econ\u00f3mico la inflaci\u00f3n cerr\u00f3 en m\u00e1s de 7.5 por ciento el 2021; la fuga de capitales extranjeros en este mismo a\u00f1o fue, seg\u00fan El Pa\u00eds, de 257, 601<\/p>\n\n\n\n<p>millones de pesos, unos 12, 630 millones de d\u00f3lares, seg\u00fan ha publicado este martes el Banco de M\u00e9xico. Es el mayor monto desde que se empezaron a recoger cifras en 1992, superando incluso al del a\u00f1o pasado. El mismo diario espa\u00f1ol advierte que este movimiento coincide con el estancamiento de la recuperaci\u00f3n econ\u00f3mica y el giro en la pol\u00edtica monetaria de la Reserva Federal.&nbsp;&nbsp;<\/p>\n\n\n\n<p>Esto forma parte de la misma incertidumbre que ha generado este gobierno. El \u00faltimo dato que<\/p>\n\n\n\n<p>&nbsp;Lo refleja es el anuncio que hizo Citigroup de vender su participaci\u00f3n en Banamex. Nada alentador el panorama en lo econ\u00f3mico, sobre todo porque se conjunta con la situaci\u00f3n de salud,&nbsp;<\/p>\n\n\n\n<p>derivada de la explosi\u00f3n de la cuarta ola de Covid que est\u00e1 golpeando en la sociedad en su conjunto.<\/p>\n\n\n\n<p>La variante \u00f3micron est\u00e1 registrando datos hist\u00f3ricos en la pandemia; tan s\u00f3lo ayer se rebas\u00f3 el r\u00e9cord de n\u00famero de contagios en 24 horas, m\u00e1s de 44 mil personas contagiadas.<\/p>\n\n\n\n<p>Y el problema que tenemos es que el gobierno federal se mantiene en su misma narrativa, todo est\u00e1 bien como lo hacemos, seg\u00fan ellos.<\/p>\n\n\n\n<p>Esta forma de implementar pol\u00edticas p\u00fablicas y acciones de gobierno est\u00e1n ocasionando serios problemas en diversas \u00e1reas de la vida p\u00fablica en nuestro pa\u00eds.<\/p>\n\n\n\n<p>A finales del 2021, estuvimos comentando con Joaqu\u00edn Malpica en nuestro programa de radio, Conexi\u00f3n V,&nbsp; an\u00e1lisis entrevista, los aspectos positivos que se pudieran destacar de la 4T en estos tres a\u00f1os de gobierno. Creo que lo que puedo reconocerle a este nuevo gobierno son las intenciones.<\/p>\n\n\n\n<p>Todas las intenciones son muy buenas realmente, \u00bfqui\u00e9n no quiere acabar con la corrupci\u00f3n? pues por supuesto que queremos acabar con la corrupci\u00f3n.<\/p>\n\n\n\n<p>El presidente quiere que el sistema de salud en M\u00e9xico sea como el de Dinamarca. Por supuesto que queremos que el sistema de salud en M\u00e9xico sea como en Dinamarca, como en los<\/p>\n\n\n\n<p>pa\u00edses n\u00f3rdicos, que tengamos las condiciones de vida de Finlandia, de Suecia; que podamos tener una cultura c\u00edvica como la de los suizos. Por ejemplo, tener el tes\u00f3n de los alemanes, la riqueza y la productividad de los norteamericanos. Claro que todos queremos eso, por supuesto que queremos tener un mejor pa\u00eds, queremos tener tambi\u00e9n precios m\u00e1s bajos de energ\u00eda el\u00e9ctrica, que baje la gasolina, todo eso lo queremos, por supuesto que lo queremos. Deseamos que en el pa\u00eds bajen los \u00edndices delictivos, que el crimen organizado no tenga secuestradas muchas partes de la Rep\u00fablica Mexicana, todos queremos eso, el problema est\u00e1 en los c\u00f3mos.<\/p>\n\n\n\n<p>En el c\u00f3mo se est\u00e1n haciendo las cosas,<\/p>\n\n\n\n<p>ah\u00ed es donde est\u00e1n fallando muchas de las acciones de gobierno y de las decisiones que han tomado en la administraci\u00f3n de L\u00f3pez Obrador.<\/p>\n\n\n\n<p>Ser\u00eda muy responsable y prudente por parte del gobierno que analizaran y vieran que no est\u00e1 funcionando para&nbsp; que rectifiquen, cambien, modifiquen, es de sabios hacer eso. Peor es quedarse ensoberbecidos en pensar que todo lo est\u00e1n haciendo bien, cuando en realidad muchas cosas est\u00e1n mal.<\/p>\n\n\n\n<p>&nbsp;Ojal\u00e1 que exista un cambio en esta forma populista, propagandista y negacionista de hacer pol\u00edtica del gobierno de L\u00f3pez Obrador, porque sin duda estamos teniendo un \u00e1spero inicio de a\u00f1o todos los mexicanos, donde,<\/p>\n\n\n\n<p>desde estos momentos, estamos sorteando desaf\u00edos en lo econ\u00f3mico,&nbsp; pol\u00edtico y en la salud. No podemos bajar la guardia, hay que estar atentos en los sucesos diarios y permaneceremos&nbsp; vigilantes en todos los temas para salir adelante. \u00a1S\u00ed podemos!<\/p>\n","protected":false},"excerpt":{"rendered":"<p>Por: Jorge Luis Malpica Ortiz Este a\u00f1o 2022 empez\u00f3 con mucha turbulencia en los distintos \u00e1mbitos de la vida p\u00fablica en M\u00e9xico. Serios vaivenes en lo econ\u00f3mico, pol\u00edtico y de salud est\u00e1n prendiendo los focos de alerta para que estemos muy bien preparados a lo que se pueda venir. En lo pol\u00edtico, la situaci\u00f3n de [&hellip;]<\/p>\n","protected":false},"author":27,"featured_media":36387,"comment_status":"open","ping_status":"open","sticky":false,"template":"","format":"standard","meta":{"_monsterinsights_skip_tracking":false,"_monsterinsights_sitenote_active":false,"_monsterinsights_sitenote_note":"","_monsterinsights_sitenote_category":0,"footnotes":""},"categories":[243],"tags":[363],"class_list":["post-36386","post","type-post","status-publish","format-standard","has-post-thumbnail","hentry","category-purgatorio","tag-jorge-luis-malpica-ortiz","wp-image-borders"],"amp_enabled":true,"_links":{"self":[{"href":"https:\/\/nvnoticias.mx\/index.php\/wp-json\/wp\/v2\/posts\/36386","targetHints":{"allow":["GET"]}}],"collection":[{"href":"https:\/\/nvnoticias.mx\/index.php\/wp-json\/wp\/v2\/posts"}],"about":[{"href":"https:\/\/nvnoticias.mx\/index.php\/wp-json\/wp\/v2\/types\/post"}],"author":[{"embeddable":true,"href":"https:\/\/nvnoticias.mx\/index.php\/wp-json\/wp\/v2\/users\/27"}],"replies":[{"embeddable":true,"href":"https:\/\/nvnoticias.mx\/index.php\/wp-json\/wp\/v2\/comments?post=36386"}],"version-history":[{"count":1,"href":"https:\/\/nvnoticias.mx\/index.php\/wp-json\/wp\/v2\/posts\/36386\/revisions"}],"predecessor-version":[{"id":36388,"href":"https:\/\/nvnoticias.mx\/index.php\/wp-json\/wp\/v2\/posts\/36386\/revisions\/36388"}],"wp:featuredmedia":[{"embeddable":true,"href":"https:\/\/nvnoticias.mx\/index.php\/wp-json\/wp\/v2\/media\/36387"}],"wp:attachment":[{"href":"https:\/\/nvnoticias.mx\/index.php\/wp-json\/wp\/v2\/media?parent=36386"}],"wp:term":[{"taxonomy":"category","embeddable":true,"href":"https:\/\/nvnoticias.mx\/index.php\/wp-json\/wp\/v2\/categories?post=36386"},{"taxonomy":"post_tag","embeddable":true,"href":"https:\/\/nvnoticias.mx\/index.php\/wp-json\/wp\/v2\/tags?post=36386"}],"curies":[{"name":"wp","href":"https:\/\/api.w.org\/{rel}","templated":true}]}}