{"id":36352,"date":"2022-01-13T10:58:06","date_gmt":"2022-01-13T16:58:06","guid":{"rendered":"https:\/\/nvnoticias.mx\/?p=36352"},"modified":"2022-01-13T10:58:07","modified_gmt":"2022-01-13T16:58:07","slug":"maestros-protestan-frente-a-la-sev-exigen-plazas-de-telebachillerato","status":"publish","type":"post","link":"https:\/\/nvnoticias.mx\/index.php\/2022\/01\/13\/maestros-protestan-frente-a-la-sev-exigen-plazas-de-telebachillerato\/","title":{"rendered":"Maestros protestan frente a la SEV, exigen plazas de Telebachillerato"},"content":{"rendered":"\n<p><strong>Sam Ojeda | NV Noticias<\/strong>\u00a0<\/p>\n\n\n\n<p>Xalapa.- Este jueves se manifestaron en la Secretar\u00eda de Educaci\u00f3n de Veracruz (SEV) aspirantes a plazas de telebachillerato que denunciaron tardanza y opacidad en el proceso.<\/p>\n\n\n\n<p>Desde muy temprano los docentes se manifestaron y exigieron la la liberaci\u00f3n de plazas como parte del proceso de asignaci\u00f3n 2021-2022.<\/p>\n\n\n\n<p>Al respecto, Lilibeth Solano Fern\u00e1ndez dijo que a pesar de que acreditaron todos los requisitos y son los primeros lugares, no han sido llamados para recibir una plaza.<\/p>\n\n\n\n<blockquote class=\"wp-block-quote is-layout-flow wp-block-quote-is-layout-flow\"><p>\u201cEs la segunda vez que estamos aqu\u00ed porque nosotros llevamos un proceso desde febrero y fueron muchos meses de capacitaci\u00f3n, ex\u00e1menes de un curso de mil 250 pesos y no se ha dado una resoluci\u00f3n sobre las vacantes en Telebachillerato\u201d.<\/p><\/blockquote>\n\n\n\n<p>En febrero-marzo inici\u00f3 el proceso y dieron resultados en agosto pero desde entonces no ha habido avances en la entrega de las vacantes y los inconformes advirtieron la poca transparencia que hay sobre este tema.<\/p>\n\n\n\n<blockquote class=\"wp-block-quote is-layout-flow wp-block-quote-is-layout-flow\"><p>\u201cNo han asignado plazas a los primeros lugares. \u00bfPor qu\u00e9 no hay vacantes, por qu\u00e9 no nos dan una soluci\u00f3n o noticias de lo que est\u00e1 pasando?\u201d, cuestionaron.<\/p><\/blockquote>\n","protected":false},"excerpt":{"rendered":"<p>Sam Ojeda | NV Noticias\u00a0 Xalapa.- Este jueves se manifestaron en la Secretar\u00eda de Educaci\u00f3n de Veracruz (SEV) aspirantes a plazas de telebachillerato que denunciaron tardanza y opacidad en el proceso. Desde muy temprano los docentes se manifestaron y exigieron la la liberaci\u00f3n de plazas como parte del proceso de asignaci\u00f3n 2021-2022. Al respecto, Lilibeth [&hellip;]<\/p>\n","protected":false},"author":6,"featured_media":36353,"comment_status":"open","ping_status":"open","sticky":false,"template":"","format":"standard","meta":{"_monsterinsights_skip_tracking":false,"_monsterinsights_sitenote_active":false,"_monsterinsights_sitenote_note":"","_monsterinsights_sitenote_category":0,"footnotes":""},"categories":[156],"tags":[635,503,1001,8555],"class_list":["post-36352","post","type-post","status-publish","format-standard","has-post-thumbnail","hentry","category-estado","tag-maestros","tag-manifestacion","tag-sev","tag-telebachillerato","wp-image-borders"],"amp_enabled":true,"_links":{"self":[{"href":"https:\/\/nvnoticias.mx\/index.php\/wp-json\/wp\/v2\/posts\/36352","targetHints":{"allow":["GET"]}}],"collection":[{"href":"https:\/\/nvnoticias.mx\/index.php\/wp-json\/wp\/v2\/posts"}],"about":[{"href":"https:\/\/nvnoticias.mx\/index.php\/wp-json\/wp\/v2\/types\/post"}],"author":[{"embeddable":true,"href":"https:\/\/nvnoticias.mx\/index.php\/wp-json\/wp\/v2\/users\/6"}],"replies":[{"embeddable":true,"href":"https:\/\/nvnoticias.mx\/index.php\/wp-json\/wp\/v2\/comments?post=36352"}],"version-history":[{"count":1,"href":"https:\/\/nvnoticias.mx\/index.php\/wp-json\/wp\/v2\/posts\/36352\/revisions"}],"predecessor-version":[{"id":36354,"href":"https:\/\/nvnoticias.mx\/index.php\/wp-json\/wp\/v2\/posts\/36352\/revisions\/36354"}],"wp:featuredmedia":[{"embeddable":true,"href":"https:\/\/nvnoticias.mx\/index.php\/wp-json\/wp\/v2\/media\/36353"}],"wp:attachment":[{"href":"https:\/\/nvnoticias.mx\/index.php\/wp-json\/wp\/v2\/media?parent=36352"}],"wp:term":[{"taxonomy":"category","embeddable":true,"href":"https:\/\/nvnoticias.mx\/index.php\/wp-json\/wp\/v2\/categories?post=36352"},{"taxonomy":"post_tag","embeddable":true,"href":"https:\/\/nvnoticias.mx\/index.php\/wp-json\/wp\/v2\/tags?post=36352"}],"curies":[{"name":"wp","href":"https:\/\/api.w.org\/{rel}","templated":true}]}}