{"id":36279,"date":"2022-01-12T13:29:16","date_gmt":"2022-01-12T19:29:16","guid":{"rendered":"https:\/\/nvnoticias.mx\/?p=36279"},"modified":"2022-01-12T13:29:17","modified_gmt":"2022-01-12T19:29:17","slug":"en-veracruz-ya-hay-indicios-de-la-cuarta-ola-de-contagios-por-covid-dice-el-gobernador","status":"publish","type":"post","link":"https:\/\/nvnoticias.mx\/index.php\/2022\/01\/12\/en-veracruz-ya-hay-indicios-de-la-cuarta-ola-de-contagios-por-covid-dice-el-gobernador\/","title":{"rendered":"En Veracruz ya hay indicios de la cuarta ola de contagios por covid, dice el Gobernador"},"content":{"rendered":"\n<p><strong>Sam Ojeda\u00a0| NV Noticias<\/strong><\/p>\n\n\n\n<p>Xalapa.- El gobernador Cuitl\u00e1huac Garc\u00eda Jim\u00e9nez reconoci\u00f3 que en Veracruz hay indicios del inicio de la cuarta ola de contagios de covid-19 y hay sospecha de la presencia de la variante \u00f3micron en el estado.<\/p>\n\n\n\n<blockquote class=\"wp-block-quote is-layout-flow wp-block-quote-is-layout-flow\"><p>\u201cYa se tienen indicios claros de que entra la cuarta ola a nivel nacional y Veracruz no es la excepci\u00f3n, los casos de contagios por covid se est\u00e1n incrementando. Todav\u00eda no tenemos formalmente documentada, pero tenemos la sospecha de que \u00f3micron est\u00e1 presente en el estado, lo hab\u00edamos advertido que esto iba a suceder y m\u00e1s en un estado que tiene varias conexiones con otros pa\u00edses\u201d.<\/p><\/blockquote>\n\n\n\n<p>Dijo que se prev\u00e9 un incremento en la presencia de enfermedades bronco-respiratorias y que en el caso del covid-19 si aumentan los contagios lo har\u00e1n en menor proporci\u00f3n las hospitalizaciones.\u00a0<\/p>\n\n\n\n<blockquote class=\"wp-block-quote is-layout-flow wp-block-quote-is-layout-flow\"><p>\u201cEl sem\u00e1foro verde indica que no hay suspensi\u00f3n de ning\u00fan tipo de actividad den el estado, solo es reiterar\u00e1 a la poblaci\u00f3n que nos sigamos comportando como lio hemos venido haciendo\u201d.\u00a0<\/p><\/blockquote>\n\n\n\n<p>Tambi\u00e9n afirm\u00f3 que ya recibieron en Veracruz 178 mil 80 dosis de la vacuna Moderna contra el covid-19 para aplicar el refuerzo a los empleados del sector educativo en el estado.\u00a0<\/p>\n\n\n\n<blockquote class=\"wp-block-quote is-layout-flow wp-block-quote-is-layout-flow\"><p>\u201cYa contamos con las dosis necesarias para el sector educativo; se recibieron 178 mil 80 dosis contra el covid-19 de Moderna para la aplicaci\u00f3n del refuerzo del personal educativo\u201d.<\/p><\/blockquote>\n\n\n\n<p>Sobre la salud del presidente de la Junta de Coordinaci\u00f3n Pol\u00edtica del Congreso local, Juan Javier G\u00f3mez Cazar\u00edn, el Gobernador dijo que se comunic\u00f3 este martes con \u00e9l y le confirm\u00f3 que tiene un cuadro de tos fuerte.\u00a0<\/p>\n\n\n\n<p>\u201cHable con \u00e9l por tel\u00e9fono y s\u00ed tiene tos, se le oye un tos fuerte y no olvidemos que estos nuevos contagios est\u00e1n caracteriz\u00e1ndose por afectaciones a la garganta y tos, m\u00e1s que de temperatura y dolor de cabeza\u201d, dijo\u00a0<\/p>\n","protected":false},"excerpt":{"rendered":"<p>Sam Ojeda\u00a0| NV Noticias Xalapa.- El gobernador Cuitl\u00e1huac Garc\u00eda Jim\u00e9nez reconoci\u00f3 que en Veracruz hay indicios del inicio de la cuarta ola de contagios de covid-19 y hay sospecha de la presencia de la variante \u00f3micron en el estado. \u201cYa se tienen indicios claros de que entra la cuarta ola a nivel nacional y Veracruz [&hellip;]<\/p>\n","protected":false},"author":7,"featured_media":36280,"comment_status":"open","ping_status":"open","sticky":false,"template":"","format":"standard","meta":{"_monsterinsights_skip_tracking":false,"_monsterinsights_sitenote_active":false,"_monsterinsights_sitenote_note":"","_monsterinsights_sitenote_category":0,"footnotes":""},"categories":[156],"tags":[293,175,7296,965,162,180],"class_list":["post-36279","post","type-post","status-publish","format-standard","has-post-thumbnail","hentry","category-estado","tag-contagios","tag-covid-19","tag-cuarta-ola","tag-cuitlahuac-garcia-jimenez","tag-portada","tag-veracruz","wp-image-borders"],"amp_enabled":true,"_links":{"self":[{"href":"https:\/\/nvnoticias.mx\/index.php\/wp-json\/wp\/v2\/posts\/36279","targetHints":{"allow":["GET"]}}],"collection":[{"href":"https:\/\/nvnoticias.mx\/index.php\/wp-json\/wp\/v2\/posts"}],"about":[{"href":"https:\/\/nvnoticias.mx\/index.php\/wp-json\/wp\/v2\/types\/post"}],"author":[{"embeddable":true,"href":"https:\/\/nvnoticias.mx\/index.php\/wp-json\/wp\/v2\/users\/7"}],"replies":[{"embeddable":true,"href":"https:\/\/nvnoticias.mx\/index.php\/wp-json\/wp\/v2\/comments?post=36279"}],"version-history":[{"count":1,"href":"https:\/\/nvnoticias.mx\/index.php\/wp-json\/wp\/v2\/posts\/36279\/revisions"}],"predecessor-version":[{"id":36281,"href":"https:\/\/nvnoticias.mx\/index.php\/wp-json\/wp\/v2\/posts\/36279\/revisions\/36281"}],"wp:featuredmedia":[{"embeddable":true,"href":"https:\/\/nvnoticias.mx\/index.php\/wp-json\/wp\/v2\/media\/36280"}],"wp:attachment":[{"href":"https:\/\/nvnoticias.mx\/index.php\/wp-json\/wp\/v2\/media?parent=36279"}],"wp:term":[{"taxonomy":"category","embeddable":true,"href":"https:\/\/nvnoticias.mx\/index.php\/wp-json\/wp\/v2\/categories?post=36279"},{"taxonomy":"post_tag","embeddable":true,"href":"https:\/\/nvnoticias.mx\/index.php\/wp-json\/wp\/v2\/tags?post=36279"}],"curies":[{"name":"wp","href":"https:\/\/api.w.org\/{rel}","templated":true}]}}