{"id":36157,"date":"2022-01-11T11:20:08","date_gmt":"2022-01-11T17:20:08","guid":{"rendered":"https:\/\/nvnoticias.mx\/?p=36157"},"modified":"2022-01-11T11:20:09","modified_gmt":"2022-01-11T17:20:09","slug":"relanza-imss-permiso-covid-para-incapacidades","status":"publish","type":"post","link":"https:\/\/nvnoticias.mx\/index.php\/2022\/01\/11\/relanza-imss-permiso-covid-para-incapacidades\/","title":{"rendered":"Relanza IMSS permiso covid para incapacidades"},"content":{"rendered":"\n<p>El Instituto Mexicano del Seguro Social (IMSS) inform\u00f3 que ante el reciente aumento de contagios activar\u00e1 el Permiso Covid 3.0, para hacer el tr\u00e1mite de incapacidad en l\u00ednea por hasta 7 d\u00edas con s\u00edntomas y de 5 d\u00edas para las personas asintom\u00e1ticas que cuentan con prueba positiva.<\/p>\n\n\n\n<p>&#8220;(No obstante) la falta de prueba no ser\u00e1 condicionante para el otorgamiento del permiso\u201d, aclar\u00f3 Zo\u00e9 Robledo, director general del Seguro Social. \u201cEs m\u00e1s flexible para la incapacidad temporal, ya no sujeto al sem\u00e1foro epidemiol\u00f3gico y sin la necesidad de visitar los servicios m\u00e9dicos de IMSS\u201d, inform\u00f3.<\/p>\n\n\n\n<p>Con el relanzamiento, el tr\u00e1mite de incapacidad temporal se puede realizar a trav\u00e9s de la aplicaci\u00f3n IMSS Digital y del sitio web oficial del Seguro Social.<\/p>\n\n\n\n<p>En marzo de 2020 se puso en marcha esta estrategia y al 31 de diciembre de 2021 se otorgaron cerca de 200 mil permisos. Se detuvo al estar el sem\u00e1foro en verde y se volvi\u00f3 presencial, actualmente se reactiva. Robledo explic\u00f3 que el relanzamiento del Permiso Covid es para beneficiar a los trabajadores derechohabientes y romper las cadenas de contagio ante el registro de nuevos brotes.<\/p>\n\n\n\n<p>\u201cSe protege al trabajador, se reducen los tiempos del tr\u00e1mite, se rompen cadenas de contagio y lo m\u00e1s importante, vamos a seguir demostrando que confiamos en la palabra de nuestros derechohabientes\u201d.<\/p>\n\n\n\n<p>Debido al reciente aumento de contagios y el riesgo que significa la variante \u00f3micron, el IMSS determin\u00f3 relanzar el Permiso Covid, que es un tr\u00e1mite que se realiza en l\u00ednea, es mucho m\u00e1s flexible, ya no est\u00e1 sujeto al sem\u00e1foro epidemiol\u00f3gico y se lleva a cabo sin la necesidad de visitar los servicios m\u00e9dicos del IMSS.<\/p>\n\n\n\n<p>Fuente: Milenio<\/p>\n","protected":false},"excerpt":{"rendered":"<p>El Instituto Mexicano del Seguro Social (IMSS) inform\u00f3 que ante el reciente aumento de contagios activar\u00e1 el Permiso Covid 3.0, para hacer el tr\u00e1mite de incapacidad en l\u00ednea por hasta 7 d\u00edas con s\u00edntomas y de 5 d\u00edas para las personas asintom\u00e1ticas que cuentan con prueba positiva. &#8220;(No obstante) la falta de prueba no ser\u00e1 [&hellip;]<\/p>\n","protected":false},"author":35,"featured_media":23130,"comment_status":"open","ping_status":"open","sticky":false,"template":"","format":"standard","meta":{"_monsterinsights_skip_tracking":false,"_monsterinsights_sitenote_active":false,"_monsterinsights_sitenote_note":"","_monsterinsights_sitenote_category":0,"footnotes":""},"categories":[157],"tags":[358,365,6068,5261],"class_list":["post-36157","post","type-post","status-publish","format-standard","has-post-thumbnail","hentry","category-nacional","tag-covid","tag-imss","tag-incapacidades","tag-permiso","wp-image-borders"],"amp_enabled":true,"_links":{"self":[{"href":"https:\/\/nvnoticias.mx\/index.php\/wp-json\/wp\/v2\/posts\/36157","targetHints":{"allow":["GET"]}}],"collection":[{"href":"https:\/\/nvnoticias.mx\/index.php\/wp-json\/wp\/v2\/posts"}],"about":[{"href":"https:\/\/nvnoticias.mx\/index.php\/wp-json\/wp\/v2\/types\/post"}],"author":[{"embeddable":true,"href":"https:\/\/nvnoticias.mx\/index.php\/wp-json\/wp\/v2\/users\/35"}],"replies":[{"embeddable":true,"href":"https:\/\/nvnoticias.mx\/index.php\/wp-json\/wp\/v2\/comments?post=36157"}],"version-history":[{"count":1,"href":"https:\/\/nvnoticias.mx\/index.php\/wp-json\/wp\/v2\/posts\/36157\/revisions"}],"predecessor-version":[{"id":36158,"href":"https:\/\/nvnoticias.mx\/index.php\/wp-json\/wp\/v2\/posts\/36157\/revisions\/36158"}],"wp:featuredmedia":[{"embeddable":true,"href":"https:\/\/nvnoticias.mx\/index.php\/wp-json\/wp\/v2\/media\/23130"}],"wp:attachment":[{"href":"https:\/\/nvnoticias.mx\/index.php\/wp-json\/wp\/v2\/media?parent=36157"}],"wp:term":[{"taxonomy":"category","embeddable":true,"href":"https:\/\/nvnoticias.mx\/index.php\/wp-json\/wp\/v2\/categories?post=36157"},{"taxonomy":"post_tag","embeddable":true,"href":"https:\/\/nvnoticias.mx\/index.php\/wp-json\/wp\/v2\/tags?post=36157"}],"curies":[{"name":"wp","href":"https:\/\/api.w.org\/{rel}","templated":true}]}}