{"id":36151,"date":"2022-01-11T11:06:35","date_gmt":"2022-01-11T17:06:35","guid":{"rendered":"https:\/\/nvnoticias.mx\/?p=36151"},"modified":"2022-01-11T11:06:36","modified_gmt":"2022-01-11T17:06:36","slug":"lilly-tellez-manda-mensaje-a-amlo-tras-contagio-de-covid","status":"publish","type":"post","link":"https:\/\/nvnoticias.mx\/index.php\/2022\/01\/11\/lilly-tellez-manda-mensaje-a-amlo-tras-contagio-de-covid\/","title":{"rendered":"Lilly T\u00e9llez manda mensaje a AMLO tras contagio de covid"},"content":{"rendered":"\n<p>Despu\u00e9s de que el presidente Andr\u00e9s Manuel L\u00f3pez Obrador informara sobre su segundo contagio de covid-19, la senadora panista Lilly T\u00e9llez le dese\u00f3 una pronta recuperaci\u00f3n \u201ccon atenci\u00f3n de primera\u201d. <\/p>\n\n\n\n<p>Por medio de su cuenta de Twitter, la legisladora del Partido Acci\u00f3n Nacional (PAN) le dirigi\u00f3 un mensaje al titular del Ejecutivo. <\/p>\n\n\n\n<figure class=\"wp-block-embed is-type-rich is-provider-twitter wp-block-embed-twitter\"><div class=\"wp-block-embed__wrapper\">\n<blockquote class=\"twitter-tweet\" data-width=\"550\" data-dnt=\"true\"><p lang=\"es\" dir=\"ltr\">Celebro que el presidente L\u00f3pez Obrador tenga m\u00e9dicos y enfermeras a disposici\u00f3n, cama de hospital asegurada, acceso hasta a los medicamentos que no hay en M\u00e9xico y un palacio para descansar.<br><br>Que se alivie pronto con atenci\u00f3n de primera, mientras el resto sufre con la de cuarta<\/p>&mdash; Lilly T\u00e9llez (@LillyTellez) <a href=\"https:\/\/twitter.com\/LillyTellez\/status\/1480699846306709505?ref_src=twsrc%5Etfw\">January 11, 2022<\/a><\/blockquote><script async src=\"https:\/\/platform.twitter.com\/widgets.js\" charset=\"utf-8\"><\/script>\n<\/div><\/figure>\n\n\n\n<p>Y es que ayer, el Presidente inform\u00f3 que result\u00f3 positivo a una prueba de covid-19, siendo la segunda vez que el mandatario se contagia del virus SARS-CoV-2, luego que se enferm\u00f3 en enero del a\u00f1o pasado. <\/p>\n\n\n\n<p>En un mensaje, inform\u00f3 que seguir\u00e1 trabajando a distancia y las conferencias ma\u00f1aneras estar\u00e1n a cargo de Ad\u00e1n Augusto L\u00f3pez, tal como lo hizo Olga S\u00e1nchez Cordero cuando enferm\u00f3 por primera vez de covid. <\/p>\n\n\n\n<p>Fuente: <a href=\"https:\/\/www.milenio.com\/politica\/lilly-tellez-manda-mensaje-amlo-contagio-covid\">Milenio<\/a><\/p>\n","protected":false},"excerpt":{"rendered":"<p>Despu\u00e9s de que el presidente Andr\u00e9s Manuel L\u00f3pez Obrador informara sobre su segundo contagio de covid-19, la senadora panista Lilly T\u00e9llez le dese\u00f3 una pronta recuperaci\u00f3n \u201ccon atenci\u00f3n de primera\u201d. Por medio de su cuenta de Twitter, la legisladora del Partido Acci\u00f3n Nacional (PAN) le dirigi\u00f3 un mensaje al titular del Ejecutivo. Y es que [&hellip;]<\/p>\n","protected":false},"author":6,"featured_media":1079,"comment_status":"open","ping_status":"open","sticky":false,"template":"","format":"standard","meta":{"_monsterinsights_skip_tracking":false,"_monsterinsights_sitenote_active":false,"_monsterinsights_sitenote_note":"","_monsterinsights_sitenote_category":0,"footnotes":""},"categories":[158],"tags":[188,175,745],"class_list":["post-36151","post","type-post","status-publish","format-standard","has-post-thumbnail","hentry","category-politica","tag-amlo","tag-covid-19","tag-lilly-tellez","wp-image-borders"],"amp_enabled":true,"_links":{"self":[{"href":"https:\/\/nvnoticias.mx\/index.php\/wp-json\/wp\/v2\/posts\/36151","targetHints":{"allow":["GET"]}}],"collection":[{"href":"https:\/\/nvnoticias.mx\/index.php\/wp-json\/wp\/v2\/posts"}],"about":[{"href":"https:\/\/nvnoticias.mx\/index.php\/wp-json\/wp\/v2\/types\/post"}],"author":[{"embeddable":true,"href":"https:\/\/nvnoticias.mx\/index.php\/wp-json\/wp\/v2\/users\/6"}],"replies":[{"embeddable":true,"href":"https:\/\/nvnoticias.mx\/index.php\/wp-json\/wp\/v2\/comments?post=36151"}],"version-history":[{"count":1,"href":"https:\/\/nvnoticias.mx\/index.php\/wp-json\/wp\/v2\/posts\/36151\/revisions"}],"predecessor-version":[{"id":36153,"href":"https:\/\/nvnoticias.mx\/index.php\/wp-json\/wp\/v2\/posts\/36151\/revisions\/36153"}],"wp:featuredmedia":[{"embeddable":true,"href":"https:\/\/nvnoticias.mx\/index.php\/wp-json\/wp\/v2\/media\/1079"}],"wp:attachment":[{"href":"https:\/\/nvnoticias.mx\/index.php\/wp-json\/wp\/v2\/media?parent=36151"}],"wp:term":[{"taxonomy":"category","embeddable":true,"href":"https:\/\/nvnoticias.mx\/index.php\/wp-json\/wp\/v2\/categories?post=36151"},{"taxonomy":"post_tag","embeddable":true,"href":"https:\/\/nvnoticias.mx\/index.php\/wp-json\/wp\/v2\/tags?post=36151"}],"curies":[{"name":"wp","href":"https:\/\/api.w.org\/{rel}","templated":true}]}}