{"id":36145,"date":"2022-01-11T10:59:13","date_gmt":"2022-01-11T16:59:13","guid":{"rendered":"https:\/\/nvnoticias.mx\/?p=36145"},"modified":"2022-01-11T10:59:14","modified_gmt":"2022-01-11T16:59:14","slug":"por-segundo-dia-consecutivo-cae-nieve-en-cofre-de-perote","status":"publish","type":"post","link":"https:\/\/nvnoticias.mx\/index.php\/2022\/01\/11\/por-segundo-dia-consecutivo-cae-nieve-en-cofre-de-perote\/","title":{"rendered":"Por segundo d\u00eda consecutivo cae nieve en Cofre de Perote"},"content":{"rendered":"\n<p><strong>Sam Ojeda | NV Noticias<\/strong>\u00a0<\/p>\n\n\n\n<p>Xalapa.- Por segundo d\u00eda consecutivo se registr\u00f3 nevada en el Cofre de Perote informaron autoridades.<\/p>\n\n\n\n<p>Ante la alta humedad, este martes se registr\u00f3 la segunda ca\u00edda de nieve no solo de este 2022 sino de la temporada de invierno 2021-2022.<\/p>\n\n\n\n<p>Las im\u00e1genes muestran \u00e1rboles y caminos llenos de nieve a una altitud por arriba de los 3 mil metros.<\/p>\n\n\n\n<figure class=\"wp-block-image size-large\"><img loading=\"lazy\" decoding=\"async\" width=\"960\" height=\"720\" src=\"https:\/\/nvnoticias.mx\/wp-content\/uploads\/2022\/01\/nieve-cofre.jpg\" alt=\"\" class=\"wp-image-36147\" srcset=\"https:\/\/nvnoticias.mx\/wp-content\/uploads\/2022\/01\/nieve-cofre.jpg 960w, https:\/\/nvnoticias.mx\/wp-content\/uploads\/2022\/01\/nieve-cofre-300x225.jpg 300w, https:\/\/nvnoticias.mx\/wp-content\/uploads\/2022\/01\/nieve-cofre-768x576.jpg 768w\" sizes=\"auto, (max-width: 960px) 100vw, 960px\" \/><figcaption><strong>Foto: Miguel \u00c1ngel Mata Armas<\/strong><\/figcaption><\/figure>\n\n\n\n<p>Desde muy temprano, familias completas acuden a la para disfrutar del espect\u00e1culo, aunque las autoridades han pedido precauci\u00f3n debido a las bajas temperaturas y las condiciones del camino.<\/p>\n","protected":false},"excerpt":{"rendered":"<p>Sam Ojeda | NV Noticias\u00a0 Xalapa.- Por segundo d\u00eda consecutivo se registr\u00f3 nevada en el Cofre de Perote informaron autoridades. Ante la alta humedad, este martes se registr\u00f3 la segunda ca\u00edda de nieve no solo de este 2022 sino de la temporada de invierno 2021-2022. Las im\u00e1genes muestran \u00e1rboles y caminos llenos de nieve a [&hellip;]<\/p>\n","protected":false},"author":6,"featured_media":36146,"comment_status":"open","ping_status":"open","sticky":false,"template":"","format":"standard","meta":{"_monsterinsights_skip_tracking":false,"_monsterinsights_sitenote_active":false,"_monsterinsights_sitenote_note":"","_monsterinsights_sitenote_category":0,"footnotes":""},"categories":[156],"tags":[6597,8439],"class_list":["post-36145","post","type-post","status-publish","format-standard","has-post-thumbnail","hentry","category-estado","tag-cofre-de-perote","tag-nieve","wp-image-borders"],"amp_enabled":true,"_links":{"self":[{"href":"https:\/\/nvnoticias.mx\/index.php\/wp-json\/wp\/v2\/posts\/36145","targetHints":{"allow":["GET"]}}],"collection":[{"href":"https:\/\/nvnoticias.mx\/index.php\/wp-json\/wp\/v2\/posts"}],"about":[{"href":"https:\/\/nvnoticias.mx\/index.php\/wp-json\/wp\/v2\/types\/post"}],"author":[{"embeddable":true,"href":"https:\/\/nvnoticias.mx\/index.php\/wp-json\/wp\/v2\/users\/6"}],"replies":[{"embeddable":true,"href":"https:\/\/nvnoticias.mx\/index.php\/wp-json\/wp\/v2\/comments?post=36145"}],"version-history":[{"count":1,"href":"https:\/\/nvnoticias.mx\/index.php\/wp-json\/wp\/v2\/posts\/36145\/revisions"}],"predecessor-version":[{"id":36148,"href":"https:\/\/nvnoticias.mx\/index.php\/wp-json\/wp\/v2\/posts\/36145\/revisions\/36148"}],"wp:featuredmedia":[{"embeddable":true,"href":"https:\/\/nvnoticias.mx\/index.php\/wp-json\/wp\/v2\/media\/36146"}],"wp:attachment":[{"href":"https:\/\/nvnoticias.mx\/index.php\/wp-json\/wp\/v2\/media?parent=36145"}],"wp:term":[{"taxonomy":"category","embeddable":true,"href":"https:\/\/nvnoticias.mx\/index.php\/wp-json\/wp\/v2\/categories?post=36145"},{"taxonomy":"post_tag","embeddable":true,"href":"https:\/\/nvnoticias.mx\/index.php\/wp-json\/wp\/v2\/tags?post=36145"}],"curies":[{"name":"wp","href":"https:\/\/api.w.org\/{rel}","templated":true}]}}