{"id":36125,"date":"2022-01-11T09:57:39","date_gmt":"2022-01-11T15:57:39","guid":{"rendered":"https:\/\/nvnoticias.mx\/?p=36125"},"modified":"2022-01-11T09:57:40","modified_gmt":"2022-01-11T15:57:40","slug":"incremento-casos-covid-es-por-relajamiento-de-medidas","status":"publish","type":"post","link":"https:\/\/nvnoticias.mx\/index.php\/2022\/01\/11\/incremento-casos-covid-es-por-relajamiento-de-medidas\/","title":{"rendered":"Incremento en casos covid-19 es por relajamiento de medidas preventivas"},"content":{"rendered":"\n<p><strong>Sam Ojeda | NV Noticias<\/strong>\u00a0<\/p>\n\n\n\n<p>Xalapa.- El 90 por ciento de los casos que atienden los neum\u00f3logos en Veracruz corresponde a covid-19, lo cual muestra un incremento en los casos con respecto a diciembre pasado, cuando estos casos representaban apenas el 10 por ciento.<\/p>\n\n\n\n<p>Esto fue confirmado por el m\u00e9dico neum\u00f3logo Ren\u00e9 Garc\u00eda Toral, al indicar que el incremento en el n\u00famero de casos est\u00e1 relacionado con las fiestas decembrinas y la movilidad entre personas.<\/p>\n\n\n\n<blockquote class=\"wp-block-quote is-layout-flow wp-block-quote-is-layout-flow\"><p>\u201cEn diciembre el 10 por ciento de la consulta era por covid y actualmente es el 90 por ciento. Estamos en el d\u00eda 10 (tras las fiestas decembrinas) y es el promedio de 6 a 15 d\u00edas para que se reporten los contagios, corresponde al 24, 25 y d\u00eda 31 de diciembre\u201d.<\/p><\/blockquote>\n\n\n\n<p>El galeno neg\u00f3 que el virus sea m\u00e1s contagioso, pues dijo que el incremento se debe a que la poblaci\u00f3n est\u00e1 m\u00e1s relajada en cuanto a las medidas de prevenci\u00f3n contra esta enfermedad.<\/p>\n\n\n\n<blockquote class=\"wp-block-quote is-layout-flow wp-block-quote-is-layout-flow\"><p>\u201cEl virus por muy contagioso que sea, si la persona no se expone no habr\u00e1 contagio, pero la diferencia entre esta cuarta ola y la primera es que en la primera hab\u00eda medida preventivas y actualmente la poblaci\u00f3n ya no sigue ninguna y eso hace que se incremente el contagio\u201d.<\/p><\/blockquote>\n\n\n\n<p>Y a\u00f1adi\u00f3 que las hospitalizaciones por covid-19 son menores a las que se reportaron en a\u00f1os anteriores, pues en los \u00faltimos 15 d\u00edas solamente un paciente ha sido hospitalizado en el puerto de Veracruz, se trata de una persona en condici\u00f3n de indigencia que muy probablemente no est\u00e1 vacunado.<\/p>\n\n\n\n<p>El m\u00e9dico afirma que actualmente un paciente activo tiene una infecci\u00f3n leve, con s\u00edntomas como dolor en la garganta, escurrimiento nasal, cefalea, pero son s\u00edntomas que normalmente no justifican hospitalizaci\u00f3n o una consulta con un especialista; la mayor\u00eda de las veces se atienden en los centros de salud o unidades de medicina familiar.<\/p>\n\n\n\n<p><\/p>\n","protected":false},"excerpt":{"rendered":"<p>Sam Ojeda | NV Noticias\u00a0 Xalapa.- El 90 por ciento de los casos que atienden los neum\u00f3logos en Veracruz corresponde a covid-19, lo cual muestra un incremento en los casos con respecto a diciembre pasado, cuando estos casos representaban apenas el 10 por ciento. Esto fue confirmado por el m\u00e9dico neum\u00f3logo Ren\u00e9 Garc\u00eda Toral, al [&hellip;]<\/p>\n","protected":false},"author":6,"featured_media":36127,"comment_status":"open","ping_status":"open","sticky":false,"template":"","format":"standard","meta":{"_monsterinsights_skip_tracking":false,"_monsterinsights_sitenote_active":false,"_monsterinsights_sitenote_note":"","_monsterinsights_sitenote_category":0,"footnotes":""},"categories":[156],"tags":[175,493],"class_list":["post-36125","post","type-post","status-publish","format-standard","has-post-thumbnail","hentry","category-estado","tag-covid-19","tag-medidas-sanitarias","wp-image-borders"],"amp_enabled":true,"_links":{"self":[{"href":"https:\/\/nvnoticias.mx\/index.php\/wp-json\/wp\/v2\/posts\/36125","targetHints":{"allow":["GET"]}}],"collection":[{"href":"https:\/\/nvnoticias.mx\/index.php\/wp-json\/wp\/v2\/posts"}],"about":[{"href":"https:\/\/nvnoticias.mx\/index.php\/wp-json\/wp\/v2\/types\/post"}],"author":[{"embeddable":true,"href":"https:\/\/nvnoticias.mx\/index.php\/wp-json\/wp\/v2\/users\/6"}],"replies":[{"embeddable":true,"href":"https:\/\/nvnoticias.mx\/index.php\/wp-json\/wp\/v2\/comments?post=36125"}],"version-history":[{"count":2,"href":"https:\/\/nvnoticias.mx\/index.php\/wp-json\/wp\/v2\/posts\/36125\/revisions"}],"predecessor-version":[{"id":36128,"href":"https:\/\/nvnoticias.mx\/index.php\/wp-json\/wp\/v2\/posts\/36125\/revisions\/36128"}],"wp:featuredmedia":[{"embeddable":true,"href":"https:\/\/nvnoticias.mx\/index.php\/wp-json\/wp\/v2\/media\/36127"}],"wp:attachment":[{"href":"https:\/\/nvnoticias.mx\/index.php\/wp-json\/wp\/v2\/media?parent=36125"}],"wp:term":[{"taxonomy":"category","embeddable":true,"href":"https:\/\/nvnoticias.mx\/index.php\/wp-json\/wp\/v2\/categories?post=36125"},{"taxonomy":"post_tag","embeddable":true,"href":"https:\/\/nvnoticias.mx\/index.php\/wp-json\/wp\/v2\/tags?post=36125"}],"curies":[{"name":"wp","href":"https:\/\/api.w.org\/{rel}","templated":true}]}}