{"id":36120,"date":"2022-01-11T09:37:42","date_gmt":"2022-01-11T15:37:42","guid":{"rendered":"https:\/\/nvnoticias.mx\/?p=36120"},"modified":"2022-01-12T13:37:35","modified_gmt":"2022-01-12T19:37:35","slug":"omicron-se-esta-convirtiendo-en-la-preponderante-en-mexico","status":"publish","type":"post","link":"https:\/\/nvnoticias.mx\/index.php\/2022\/01\/11\/omicron-se-esta-convirtiendo-en-la-preponderante-en-mexico\/","title":{"rendered":"\u00d3micron se est\u00e1 convirtiendo en la preponderante en M\u00e9xico"},"content":{"rendered":"\n<p>El subsecretario de Salud, Hugo L\u00f3pez-Gatell, inform\u00f3 que \u00f3micron se est\u00e1 convirtiendo en la variante de coronavirus covid-19 preponderante en M\u00e9xico; sin embargo, destac\u00f3 que \u00e9sta tiene un cuadro de infecci\u00f3n distinto, pues pese que tiene varios s\u00edntomas, ocasiona menor da\u00f1o a los pulmones que las cepas anteriores. <\/p>\n\n\n\n<p>En La Ma\u00f1anera desde el Palacio Nacional, el funcionario federal puso de ejemplo el caso del presidente Andr\u00e9s Manuel L\u00f3pez Obrador, quien ayer dio positivo a covid-19 por segunda ocasi\u00f3n, luego de que se realiz\u00f3 una prueba al presentar s\u00edntomas como irritaci\u00f3n en la garganta. <\/p>\n\n\n\n<p>Explic\u00f3 que la variante \u00f3micron\u00a0tiene un predominio por la v\u00eda respiratoria alta, es decir, en la laringe, la faringe y la\u00a0tr\u00e1quea, por lo que los s\u00edntomas son muy parecidos a un catarro com\u00fan, pero &#8220;afortunadamente&#8221;, con menor da\u00f1o pulmonar. <\/p>\n\n\n\n<blockquote class=\"wp-block-quote is-layout-flow wp-block-quote-is-layout-flow\"><p>&#8220;La variante \u00f3micron que en este momento se est\u00e1 convirtiendo en la preponderante en M\u00e9xico, como en otras partes del mundo, tiene una\u00a0 caracter\u00edstica importante que ayuda a visualizar el porqu\u00e9 se ha separado la r\u00e1pida ocurrencia de muchos casos y la ocurrencia lenta de hospitalizaciones.\u00a0A diferencia de delta, tiene un predominio por v\u00eda la v\u00eda respiratoria alta, la laringe, la faringe, la tr\u00e1quea; pero afortunadamente y esto es una circunstancia de la biolog\u00eda de la variante, tiene menor proporci\u00f3n de da\u00f1o en los pulmones.\u00a0 <\/p><\/blockquote>\n\n\n\n<blockquote class=\"wp-block-quote is-layout-flow wp-block-quote-is-layout-flow\"><p>&#8220;Entonces el cuadro cl\u00ednico, la expresi\u00f3n de la enfermedad por \u00f3micron, es m\u00e1s parecida al catarro com\u00fan, es una enfermedad en laque predomina la afecci\u00f3n respiratoria alta, pero afortunadamente insisto con menor probabilidad de afecci\u00f3n a pulmones&#8221;, dijo. <\/p><\/blockquote>\n\n\n\n<p>Mencion\u00f3 que otro factor importante es que cuando se suma la vacunaci\u00f3n, las personas con esquema completo y con dosis de refuerzo tienen a\u00fan menor probabilidad de tener da\u00f1o pulmonar y las enfermedad tiene menos duraci\u00f3n. <\/p>\n\n\n\n<blockquote class=\"wp-block-quote is-layout-flow wp-block-quote-is-layout-flow\"><p>&#8220;Cuando se suma la vacunaci\u00f3n, hay patrones de comportamiento de la enfermedad covid-19 diferentes y las personas vacunadas con el esquema primario y con mayor raz\u00f3n quien ya tiene el refuerzo, tiene menor probabilidad de tener da\u00f1o pulmonar. Y la enfermedad cursa m\u00e1s breve que el covid con las variantes previas y la recuperaci\u00f3n ocurre en menos d\u00edas. <\/p><p><\/p><p>&#8220;El desafortunado contagio del Presidente nos ilustra lo que ocurre con la variante \u00f3micron&#8221;, enfatiz\u00f3. <\/p><\/blockquote>\n\n\n\n<p>Fuente: Milenio<\/p>\n","protected":false},"excerpt":{"rendered":"<p>El subsecretario de Salud, Hugo L\u00f3pez-Gatell, inform\u00f3 que \u00f3micron se est\u00e1 convirtiendo en la variante de coronavirus covid-19 preponderante en M\u00e9xico; sin embargo, destac\u00f3 que \u00e9sta tiene un cuadro de infecci\u00f3n distinto, pues pese que tiene varios s\u00edntomas, ocasiona menor da\u00f1o a los pulmones que las cepas anteriores. En La Ma\u00f1anera desde el Palacio Nacional, [&hellip;]<\/p>\n","protected":false},"author":6,"featured_media":25160,"comment_status":"open","ping_status":"open","sticky":false,"template":"","format":"standard","meta":{"_monsterinsights_skip_tracking":false,"_monsterinsights_sitenote_active":false,"_monsterinsights_sitenote_note":"","_monsterinsights_sitenote_category":0,"footnotes":""},"categories":[157],"tags":[292,7432,162],"class_list":["post-36120","post","type-post","status-publish","format-standard","has-post-thumbnail","hentry","category-nacional","tag-mexico","tag-omicron","tag-portada","wp-image-borders"],"amp_enabled":true,"_links":{"self":[{"href":"https:\/\/nvnoticias.mx\/index.php\/wp-json\/wp\/v2\/posts\/36120","targetHints":{"allow":["GET"]}}],"collection":[{"href":"https:\/\/nvnoticias.mx\/index.php\/wp-json\/wp\/v2\/posts"}],"about":[{"href":"https:\/\/nvnoticias.mx\/index.php\/wp-json\/wp\/v2\/types\/post"}],"author":[{"embeddable":true,"href":"https:\/\/nvnoticias.mx\/index.php\/wp-json\/wp\/v2\/users\/6"}],"replies":[{"embeddable":true,"href":"https:\/\/nvnoticias.mx\/index.php\/wp-json\/wp\/v2\/comments?post=36120"}],"version-history":[{"count":1,"href":"https:\/\/nvnoticias.mx\/index.php\/wp-json\/wp\/v2\/posts\/36120\/revisions"}],"predecessor-version":[{"id":36121,"href":"https:\/\/nvnoticias.mx\/index.php\/wp-json\/wp\/v2\/posts\/36120\/revisions\/36121"}],"wp:featuredmedia":[{"embeddable":true,"href":"https:\/\/nvnoticias.mx\/index.php\/wp-json\/wp\/v2\/media\/25160"}],"wp:attachment":[{"href":"https:\/\/nvnoticias.mx\/index.php\/wp-json\/wp\/v2\/media?parent=36120"}],"wp:term":[{"taxonomy":"category","embeddable":true,"href":"https:\/\/nvnoticias.mx\/index.php\/wp-json\/wp\/v2\/categories?post=36120"},{"taxonomy":"post_tag","embeddable":true,"href":"https:\/\/nvnoticias.mx\/index.php\/wp-json\/wp\/v2\/tags?post=36120"}],"curies":[{"name":"wp","href":"https:\/\/api.w.org\/{rel}","templated":true}]}}