{"id":36088,"date":"2022-01-10T14:10:27","date_gmt":"2022-01-10T20:10:27","guid":{"rendered":"https:\/\/nvnoticias.mx\/?p=36088"},"modified":"2022-01-10T14:10:28","modified_gmt":"2022-01-10T20:10:28","slug":"cae-primera-nevada-de-2022-en-cofre-de-perote","status":"publish","type":"post","link":"https:\/\/nvnoticias.mx\/index.php\/2022\/01\/10\/cae-primera-nevada-de-2022-en-cofre-de-perote\/","title":{"rendered":"Cae primera nevada de 2022 en Cofre de Perote"},"content":{"rendered":"\n<p><strong>Sam Ojeda | NV Noticias<\/strong><\/p>\n\n\n\n<p>Xalapa.- Este lunes se registr\u00f3 la primera nevada de la temporada sobre el Cofre de Perote, inform\u00f3 la jefa de Hidrometeorolog\u00eda de la Conagua, Jessica Luna Lagunes.<\/p>\n\n\n\n<p>El evento se da tras el descenso de la temperatura como parte de los efectos del frente fr\u00edo n\u00famero 21 que se registra en el estado de Veracruz.<\/p>\n\n\n\n<p>Familias que visitaron la monta\u00f1a mostraron la ca\u00edda de nieve muy cercano al sitio conocido como \u201cLa Pe\u00f1a\u201d.<\/p>\n\n\n\n<p>En zonas como Xalapa la lluvia intensa y la baja temperatura ha sido una constante durante este inicio de semana, por lo que las autoridades han pedido a la poblaci\u00f3n estar atentos.<\/p>\n","protected":false},"excerpt":{"rendered":"<p>Sam Ojeda | NV Noticias Xalapa.- Este lunes se registr\u00f3 la primera nevada de la temporada sobre el Cofre de Perote, inform\u00f3 la jefa de Hidrometeorolog\u00eda de la Conagua, Jessica Luna Lagunes. El evento se da tras el descenso de la temperatura como parte de los efectos del frente fr\u00edo n\u00famero 21 que se registra [&hellip;]<\/p>\n","protected":false},"author":6,"featured_media":36089,"comment_status":"open","ping_status":"open","sticky":false,"template":"","format":"standard","meta":{"_monsterinsights_skip_tracking":false,"_monsterinsights_sitenote_active":false,"_monsterinsights_sitenote_note":"","_monsterinsights_sitenote_category":0,"footnotes":""},"categories":[156],"tags":[6597,337],"class_list":["post-36088","post","type-post","status-publish","format-standard","has-post-thumbnail","hentry","category-estado","tag-cofre-de-perote","tag-nevada","wp-image-borders"],"amp_enabled":true,"_links":{"self":[{"href":"https:\/\/nvnoticias.mx\/index.php\/wp-json\/wp\/v2\/posts\/36088","targetHints":{"allow":["GET"]}}],"collection":[{"href":"https:\/\/nvnoticias.mx\/index.php\/wp-json\/wp\/v2\/posts"}],"about":[{"href":"https:\/\/nvnoticias.mx\/index.php\/wp-json\/wp\/v2\/types\/post"}],"author":[{"embeddable":true,"href":"https:\/\/nvnoticias.mx\/index.php\/wp-json\/wp\/v2\/users\/6"}],"replies":[{"embeddable":true,"href":"https:\/\/nvnoticias.mx\/index.php\/wp-json\/wp\/v2\/comments?post=36088"}],"version-history":[{"count":1,"href":"https:\/\/nvnoticias.mx\/index.php\/wp-json\/wp\/v2\/posts\/36088\/revisions"}],"predecessor-version":[{"id":36090,"href":"https:\/\/nvnoticias.mx\/index.php\/wp-json\/wp\/v2\/posts\/36088\/revisions\/36090"}],"wp:featuredmedia":[{"embeddable":true,"href":"https:\/\/nvnoticias.mx\/index.php\/wp-json\/wp\/v2\/media\/36089"}],"wp:attachment":[{"href":"https:\/\/nvnoticias.mx\/index.php\/wp-json\/wp\/v2\/media?parent=36088"}],"wp:term":[{"taxonomy":"category","embeddable":true,"href":"https:\/\/nvnoticias.mx\/index.php\/wp-json\/wp\/v2\/categories?post=36088"},{"taxonomy":"post_tag","embeddable":true,"href":"https:\/\/nvnoticias.mx\/index.php\/wp-json\/wp\/v2\/tags?post=36088"}],"curies":[{"name":"wp","href":"https:\/\/api.w.org\/{rel}","templated":true}]}}