{"id":36050,"date":"2022-01-10T09:46:56","date_gmt":"2022-01-10T15:46:56","guid":{"rendered":"https:\/\/nvnoticias.mx\/?p=36050"},"modified":"2022-01-10T09:46:57","modified_gmt":"2022-01-10T15:46:57","slug":"maria-luisa-albores-da-positivo-a-covid-19","status":"publish","type":"post","link":"https:\/\/nvnoticias.mx\/index.php\/2022\/01\/10\/maria-luisa-albores-da-positivo-a-covid-19\/","title":{"rendered":"Mar\u00eda Luisa Albores da positivo a covid-19"},"content":{"rendered":"\n<p>A trav\u00e9s de sus redes sociales la titular de la Secretar\u00eda de Medio Ambiente y Recursos Naturales (Semarnat), Mar\u00eda Luisa Albores, inform\u00f3 que dio positivo a covid-19.<\/p>\n\n\n\n<p>Anunci\u00f3 que seguir\u00e1 trabajando desde su casa y que se encuentra bien.<\/p>\n\n\n\n<figure class=\"wp-block-embed is-type-rich is-provider-twitter wp-block-embed-twitter\"><div class=\"wp-block-embed__wrapper\">\n<blockquote class=\"twitter-tweet\" data-width=\"550\" data-dnt=\"true\"><p lang=\"es\" dir=\"ltr\">Les informo que di positivo a <a href=\"https:\/\/twitter.com\/hashtag\/Covid19?src=hash&amp;ref_src=twsrc%5Etfw\">#Covid19<\/a>. Me encuentro bien y seguir\u00e9 atendiendo los asuntos del sector ambiental desde casa. <br><br>Sigamos cuid\u00e1ndonos.<\/p>&mdash; Mar\u00eda Luisa Albores Gonz\u00e1lez (@Mary_Luisa_AG) <a href=\"https:\/\/twitter.com\/Mary_Luisa_AG\/status\/1480563008510246915?ref_src=twsrc%5Etfw\">January 10, 2022<\/a><\/blockquote><script async src=\"https:\/\/platform.twitter.com\/widgets.js\" charset=\"utf-8\"><\/script>\n<\/div><\/figure>\n","protected":false},"excerpt":{"rendered":"<p>A trav\u00e9s de sus redes sociales la titular de la Secretar\u00eda de Medio Ambiente y Recursos Naturales (Semarnat), Mar\u00eda Luisa Albores, inform\u00f3 que dio positivo a covid-19. Anunci\u00f3 que seguir\u00e1 trabajando desde su casa y que se encuentra bien.<\/p>\n","protected":false},"author":6,"featured_media":36051,"comment_status":"open","ping_status":"open","sticky":false,"template":"","format":"standard","meta":{"_monsterinsights_skip_tracking":false,"_monsterinsights_sitenote_active":false,"_monsterinsights_sitenote_note":"","_monsterinsights_sitenote_category":0,"footnotes":""},"categories":[158],"tags":[175,8484,1557],"class_list":["post-36050","post","type-post","status-publish","format-standard","has-post-thumbnail","hentry","category-politica","tag-covid-19","tag-maria-luisa-albores","tag-positivo","wp-image-borders"],"amp_enabled":true,"_links":{"self":[{"href":"https:\/\/nvnoticias.mx\/index.php\/wp-json\/wp\/v2\/posts\/36050","targetHints":{"allow":["GET"]}}],"collection":[{"href":"https:\/\/nvnoticias.mx\/index.php\/wp-json\/wp\/v2\/posts"}],"about":[{"href":"https:\/\/nvnoticias.mx\/index.php\/wp-json\/wp\/v2\/types\/post"}],"author":[{"embeddable":true,"href":"https:\/\/nvnoticias.mx\/index.php\/wp-json\/wp\/v2\/users\/6"}],"replies":[{"embeddable":true,"href":"https:\/\/nvnoticias.mx\/index.php\/wp-json\/wp\/v2\/comments?post=36050"}],"version-history":[{"count":1,"href":"https:\/\/nvnoticias.mx\/index.php\/wp-json\/wp\/v2\/posts\/36050\/revisions"}],"predecessor-version":[{"id":36052,"href":"https:\/\/nvnoticias.mx\/index.php\/wp-json\/wp\/v2\/posts\/36050\/revisions\/36052"}],"wp:featuredmedia":[{"embeddable":true,"href":"https:\/\/nvnoticias.mx\/index.php\/wp-json\/wp\/v2\/media\/36051"}],"wp:attachment":[{"href":"https:\/\/nvnoticias.mx\/index.php\/wp-json\/wp\/v2\/media?parent=36050"}],"wp:term":[{"taxonomy":"category","embeddable":true,"href":"https:\/\/nvnoticias.mx\/index.php\/wp-json\/wp\/v2\/categories?post=36050"},{"taxonomy":"post_tag","embeddable":true,"href":"https:\/\/nvnoticias.mx\/index.php\/wp-json\/wp\/v2\/tags?post=36050"}],"curies":[{"name":"wp","href":"https:\/\/api.w.org\/{rel}","templated":true}]}}