{"id":36040,"date":"2022-01-10T08:08:39","date_gmt":"2022-01-10T14:08:39","guid":{"rendered":"https:\/\/nvnoticias.mx\/?p=36040"},"modified":"2022-01-10T08:08:40","modified_gmt":"2022-01-10T14:08:40","slug":"consulta-de-revocacion-es-para-satisfacer-egolatria-anaya","status":"publish","type":"post","link":"https:\/\/nvnoticias.mx\/index.php\/2022\/01\/10\/consulta-de-revocacion-es-para-satisfacer-egolatria-anaya\/","title":{"rendered":"Consulta de revocaci\u00f3n es para satisfacer egolatr\u00eda: Anaya"},"content":{"rendered":"\n<p>Ricardo Anaya, excandidato presidencial, se lanz\u00f3 contra el presidente Andr\u00e9s Manuel L\u00f3pez Obrador este lunes, al asegurar que la consulta de revocaci\u00f3n de mandato es para satisfacer su ego, as\u00ed como para criticar el plan que presentar\u00e1 ante el Instituto Nacional Electoral (INE).<\/p>\n\n\n\n<p>Dijo que el plan de austeridad del INE de L\u00f3pez Obrador es un \u201cdardo envenenado\u201d con el cual lograr\u00e1 tres cosas: satisfacer su egolatr\u00eda, acabar con el INE y asegurar que Morena seguir\u00e1 en el poder.<\/p>\n\n\n\n<p>Luego, Anaya Cort\u00e9s cuestion\u00f3 que se utilizar\u00e1n 3 mil 800 millones de pesos en esta consulta que nadie ha solicitado, cuando con la misma cifra podr\u00edan comprarse 9 millones de vacunas contra el COVID-19 o pagar el tratamiento de todos los ni\u00f1os y ni\u00f1as con c\u00e1ncer durante un a\u00f1o.<\/p>\n\n\n\n<p><blockquote class=\"twitter-tweet\" data-width=\"550\" data-dnt=\"true\"><p lang=\"es\" dir=\"ltr\">El dizque \u201cplan de austeridad\u201d que va a presentar ALMO al INE para pagar el absurdo capricho de la revocaci\u00f3n de mandato es un DARDO ENVENENADO. Sus tres verdaderos objetivos: satisfacer su insaciable egolatr\u00eda, despedazar al INE y perpetuar a MORENA en el poder. Es inaceptable. <a href=\"https:\/\/t.co\/hwO7vL5vpH\">pic.twitter.com\/hwO7vL5vpH<\/a><\/p>&mdash; RicardoAnayaC (@RicardoAnayaC) <a href=\"https:\/\/twitter.com\/RicardoAnayaC\/status\/1480524826821292033?ref_src=twsrc%5Etfw\">January 10, 2022<\/a><\/blockquote><script async src=\"https:\/\/platform.twitter.com\/widgets.js\" charset=\"utf-8\"><\/script> <\/p>\n\n\n\n<blockquote class=\"wp-block-quote is-layout-flow wp-block-quote-is-layout-flow\"><p>\u201cMorena est\u00e1 usando la consulta para destruir al INE. O sea, ese mismo INE que organiz\u00f3 las elecciones que ellos ganaron. Nada m\u00e1s que ahora los de Morena quieren el control total de las elecciones. Su plan es estrangularlo presupuestalmente, o sea, dejar al INE sin un quinto para acabarlo. Ese es el verdadero plan detr\u00e1s de todo esto\u201d, apunt\u00f3.<\/p><\/blockquote>\n\n\n\n<p>Anaya Cort\u00e9s apunt\u00f3 que es una perversidad reducir el presupuesto del instituto, y record\u00f3 que este es aut\u00f3nomo, por lo que ning\u00fan partido deber\u00eda acabar con el INE.<\/p>\n\n\n\n<blockquote class=\"wp-block-quote is-layout-flow wp-block-quote-is-layout-flow\"><p>\u201cAcabar con el \u00e1rbitro electoral es el caminito que han seguido muchas dictaduras en Am\u00e9rica Latina. Porque eso les permite tomar el control de las elecciones. Tenemos que despertar, es muy grave lo que est\u00e1 pasando\u201d, a\u00f1adi\u00f3.<\/p><\/blockquote>\n\n\n\n<p>El pasado 7 de enero, L\u00f3pez Obrador inform\u00f3 que presentar\u00e1 un plan de austeridad al INE, el cual no ser\u00e1 obligatorio, pero servir\u00eda para que el instituto pueda llevar a cabo la consulta de revocaci\u00f3n de mandato.<\/p>\n\n\n\n<p>El presidente afirm\u00f3 que la intenci\u00f3n es que el INE tenga los recursos suficientes para instalar una casilla en todos los pueblos del pa\u00eds y que la consulta popular alcance como m\u00ednimo el 40 por ciento de participaci\u00f3n ciudadana.<\/p>\n\n\n\n<p>Fuente: El Financiero<\/p>\n","protected":false},"excerpt":{"rendered":"<p>Ricardo Anaya, excandidato presidencial, se lanz\u00f3 contra el presidente Andr\u00e9s Manuel L\u00f3pez Obrador este lunes, al asegurar que la consulta de revocaci\u00f3n de mandato es para satisfacer su ego, as\u00ed como para criticar el plan que presentar\u00e1 ante el Instituto Nacional Electoral (INE). Dijo que el plan de austeridad del INE de L\u00f3pez Obrador es [&hellip;]<\/p>\n","protected":false},"author":6,"featured_media":36041,"comment_status":"open","ping_status":"open","sticky":false,"template":"","format":"standard","meta":{"_monsterinsights_skip_tracking":false,"_monsterinsights_sitenote_active":false,"_monsterinsights_sitenote_note":"","_monsterinsights_sitenote_category":0,"footnotes":""},"categories":[158],"tags":[188,162,5354,509],"class_list":["post-36040","post","type-post","status-publish","format-standard","has-post-thumbnail","hentry","category-politica","tag-amlo","tag-portada","tag-revocacion-de-mandato","tag-ricardo-anaya","wp-image-borders"],"amp_enabled":true,"_links":{"self":[{"href":"https:\/\/nvnoticias.mx\/index.php\/wp-json\/wp\/v2\/posts\/36040","targetHints":{"allow":["GET"]}}],"collection":[{"href":"https:\/\/nvnoticias.mx\/index.php\/wp-json\/wp\/v2\/posts"}],"about":[{"href":"https:\/\/nvnoticias.mx\/index.php\/wp-json\/wp\/v2\/types\/post"}],"author":[{"embeddable":true,"href":"https:\/\/nvnoticias.mx\/index.php\/wp-json\/wp\/v2\/users\/6"}],"replies":[{"embeddable":true,"href":"https:\/\/nvnoticias.mx\/index.php\/wp-json\/wp\/v2\/comments?post=36040"}],"version-history":[{"count":1,"href":"https:\/\/nvnoticias.mx\/index.php\/wp-json\/wp\/v2\/posts\/36040\/revisions"}],"predecessor-version":[{"id":36042,"href":"https:\/\/nvnoticias.mx\/index.php\/wp-json\/wp\/v2\/posts\/36040\/revisions\/36042"}],"wp:featuredmedia":[{"embeddable":true,"href":"https:\/\/nvnoticias.mx\/index.php\/wp-json\/wp\/v2\/media\/36041"}],"wp:attachment":[{"href":"https:\/\/nvnoticias.mx\/index.php\/wp-json\/wp\/v2\/media?parent=36040"}],"wp:term":[{"taxonomy":"category","embeddable":true,"href":"https:\/\/nvnoticias.mx\/index.php\/wp-json\/wp\/v2\/categories?post=36040"},{"taxonomy":"post_tag","embeddable":true,"href":"https:\/\/nvnoticias.mx\/index.php\/wp-json\/wp\/v2\/tags?post=36040"}],"curies":[{"name":"wp","href":"https:\/\/api.w.org\/{rel}","templated":true}]}}