{"id":3603,"date":"2021-02-05T12:09:50","date_gmt":"2021-02-05T18:09:50","guid":{"rendered":"https:\/\/nvnoticias.mx\/?p=3603"},"modified":"2021-02-05T12:09:52","modified_gmt":"2021-02-05T18:09:52","slug":"son-identificados-otros-3-cuerpos-calcinados-en-camargo","status":"publish","type":"post","link":"https:\/\/nvnoticias.mx\/index.php\/2021\/02\/05\/son-identificados-otros-3-cuerpos-calcinados-en-camargo\/","title":{"rendered":"Son identificados otros 3 cuerpos calcinados en Camargo"},"content":{"rendered":"\n<p>A trav\u00e9s de un comunicado la Fiscal\u00eda General de Justicia de Tamaulipas inform\u00f3 que identificaron a otros tres cuerpos de los\u00a019 calcinados hallados en el ejido de Santa Anita en el municipio de Camargo, Tamaulipas; las autoridades detallaron que las v\u00edctimas eran de origen guatemalteco y se trata de Ad\u00e1n &#8220;C&#8221;, Ribaldo D.&#8221;J&#8221; y Edgar &#8220;L&#8221;. <\/p>\n\n\n\n<blockquote class=\"wp-block-quote is-layout-flow wp-block-quote-is-layout-flow\"><p>&#8220;De la continuidad de los trabajos realizados por el Equipo de Especialidades Forenses por cuanto a establecer la identidad de las v\u00edctimas (&#8230;) se logr\u00f3 tres m\u00e1s de ellas siendo las siguientes de nacionalidad guatemalteca&#8221;, indic\u00f3 la fiscal\u00eda en un comunicado.<\/p><\/blockquote>\n\n\n\n<p>Cabe destacar que con lo anterior, hasta el momento se han identificado siete cuerpos, pertenecientes a cinco\u00a0guatemaltecos y dos mexicanos, quienes fueron encontradas el 22 de enero calcinadas en una camioneta. <\/p>\n\n\n\n<p>Fuente: <a href=\"https:\/\/www.milenio.com\/policia\/cuerpos-calcinados-tamaulipas-identifican-3-guatemaltecos\">Milenio<\/a><\/p>\n","protected":false},"excerpt":{"rendered":"<p>A trav\u00e9s de un comunicado la Fiscal\u00eda General de Justicia de Tamaulipas inform\u00f3 que identificaron a otros tres cuerpos de los\u00a019 calcinados hallados en el ejido de Santa Anita en el municipio de Camargo, Tamaulipas; las autoridades detallaron que las v\u00edctimas eran de origen guatemalteco y se trata de Ad\u00e1n &#8220;C&#8221;, Ribaldo D.&#8221;J&#8221; y Edgar [&hellip;]<\/p>\n","protected":false},"author":6,"featured_media":3607,"comment_status":"open","ping_status":"open","sticky":false,"template":"","format":"standard","meta":{"_monsterinsights_skip_tracking":false,"_monsterinsights_sitenote_active":false,"_monsterinsights_sitenote_note":"","_monsterinsights_sitenote_category":0,"footnotes":""},"categories":[157],"tags":[1073,776,162,915],"class_list":["post-3603","post","type-post","status-publish","format-standard","has-post-thumbnail","hentry","category-nacional","tag-caso-camargo","tag-cuerpos","tag-portada","tag-sucesos","wp-image-borders"],"amp_enabled":true,"_links":{"self":[{"href":"https:\/\/nvnoticias.mx\/index.php\/wp-json\/wp\/v2\/posts\/3603","targetHints":{"allow":["GET"]}}],"collection":[{"href":"https:\/\/nvnoticias.mx\/index.php\/wp-json\/wp\/v2\/posts"}],"about":[{"href":"https:\/\/nvnoticias.mx\/index.php\/wp-json\/wp\/v2\/types\/post"}],"author":[{"embeddable":true,"href":"https:\/\/nvnoticias.mx\/index.php\/wp-json\/wp\/v2\/users\/6"}],"replies":[{"embeddable":true,"href":"https:\/\/nvnoticias.mx\/index.php\/wp-json\/wp\/v2\/comments?post=3603"}],"version-history":[{"count":1,"href":"https:\/\/nvnoticias.mx\/index.php\/wp-json\/wp\/v2\/posts\/3603\/revisions"}],"predecessor-version":[{"id":3608,"href":"https:\/\/nvnoticias.mx\/index.php\/wp-json\/wp\/v2\/posts\/3603\/revisions\/3608"}],"wp:featuredmedia":[{"embeddable":true,"href":"https:\/\/nvnoticias.mx\/index.php\/wp-json\/wp\/v2\/media\/3607"}],"wp:attachment":[{"href":"https:\/\/nvnoticias.mx\/index.php\/wp-json\/wp\/v2\/media?parent=3603"}],"wp:term":[{"taxonomy":"category","embeddable":true,"href":"https:\/\/nvnoticias.mx\/index.php\/wp-json\/wp\/v2\/categories?post=3603"},{"taxonomy":"post_tag","embeddable":true,"href":"https:\/\/nvnoticias.mx\/index.php\/wp-json\/wp\/v2\/tags?post=3603"}],"curies":[{"name":"wp","href":"https:\/\/api.w.org\/{rel}","templated":true}]}}