{"id":35926,"date":"2022-01-08T10:15:27","date_gmt":"2022-01-08T16:15:27","guid":{"rendered":"https:\/\/nvnoticias.mx\/?p=35926"},"modified":"2022-01-08T10:15:29","modified_gmt":"2022-01-08T16:15:29","slug":"organismos-de-dh-dan-seguimiento-al-alto-flujo-migratorio","status":"publish","type":"post","link":"https:\/\/nvnoticias.mx\/index.php\/2022\/01\/08\/organismos-de-dh-dan-seguimiento-al-alto-flujo-migratorio\/","title":{"rendered":"Organismos de derechos humanos dan seguimiento al alto flujo migratorio"},"content":{"rendered":"\n<p><strong>Jes\u00fas Utrilla | NV Noticias<\/strong>&nbsp;<\/p>\n\n\n\n<p>Veracruz. \u2013 La Delegaci\u00f3n Estatal de Pro Libertad y Derechos Humanos en Am\u00e9rica Global da seguimiento a los migrantes que transitan por Veracruz y no hay quejas por abusos de autoridad.&nbsp;<\/p>\n\n\n\n<p>Edgar Zavaleta Flores, delegado estatal del organismo, admiti\u00f3 que el flujo migratorio increment\u00f3 este a\u00f1o pero se coordinan con diferentes instancias para garantizar que se respeten sus derechos humanos.&nbsp;<\/p>\n\n\n\n<p>Ademas de vigilar que centroamericanos como hondure\u00f1os, guatemaltecos y salvadore\u00f1os tengan libre trayectoria por el estado, monitorean a las familias de haitianos.&nbsp;<\/p>\n\n\n\n<p>Sin embargo, record\u00f3 que no es la primera vez que estas caravanas transitan por M\u00e9xico, pero antes lo hac\u00edan en el tren y ahora lo hacen caminando.&nbsp;<\/p>\n\n\n\n<blockquote class=\"wp-block-quote is-layout-flow wp-block-quote-is-layout-flow\"><p>\u201cEstamos dando seguimiento a toda la protecci\u00f3n y el alto \u00edndice de migrantes. D\u00e9jame comentarte que es por la magnitud con que hoy se presentan los haitianos, pero antes tambi\u00e9n hab\u00eda. Antes se sub\u00edan a la bestia y pasaban desapercibidos pero hoy pasan caminando o pidiendo avent\u00f3n para seguir la ruta y por eso llama la atenci\u00f3n\u201d.\u00a0<\/p><\/blockquote>\n\n\n\n<p>Trabajan de manera coordinada con el Instituto Nacional de Migraci\u00f3n, para vigilar en cada municipio que se respeten los derechos humanos.&nbsp;<\/p>\n\n\n\n<p>Adem\u00e1s en M\u00e9xico se permite el libre tr\u00e1nsito y debe cumplirse con la disposici\u00f3n.&nbsp;<\/p>\n\n\n\n<blockquote class=\"wp-block-quote is-layout-flow wp-block-quote-is-layout-flow\"><p>\u201cLo que vigilamos es el libre tr\u00e1nsito, que en las revisiones que hacen Guardia Nacional, polic\u00edas estatales y Fuerza Civil cumplan con los protocolos establecidos\u201d.\u00a0<\/p><\/blockquote>\n\n\n\n<p>La Delegaci\u00f3n Estatal de Pro Libertad y Derechos Humanos en Am\u00e9rica Global es una ONG internacional establecida en Estados Unidos y Am\u00e9rica Latina.&nbsp;<\/p>\n\n\n\n<p>Tiene presencia en los 32 estados de la Rep\u00fablica Mexicana y coadyuva con la Corte Interamericana de los Derechos Humanos, la UNESCO, la ONU y los pueblos latinoamericanos.&nbsp;<\/p>\n","protected":false},"excerpt":{"rendered":"<p>Jes\u00fas Utrilla | NV Noticias&nbsp; Veracruz. \u2013 La Delegaci\u00f3n Estatal de Pro Libertad y Derechos Humanos en Am\u00e9rica Global da seguimiento a los migrantes que transitan por Veracruz y no hay quejas por abusos de autoridad.&nbsp; Edgar Zavaleta Flores, delegado estatal del organismo, admiti\u00f3 que el flujo migratorio increment\u00f3 este a\u00f1o pero se coordinan con [&hellip;]<\/p>\n","protected":false},"author":6,"featured_media":33566,"comment_status":"open","ping_status":"open","sticky":false,"template":"","format":"standard","meta":{"_monsterinsights_skip_tracking":false,"_monsterinsights_sitenote_active":false,"_monsterinsights_sitenote_note":"","_monsterinsights_sitenote_category":0,"footnotes":""},"categories":[154],"tags":[1122,3046],"class_list":["post-35926","post","type-post","status-publish","format-standard","has-post-thumbnail","hentry","category-veracruz","tag-derechos-humanos","tag-flujo-migratorio","wp-image-borders"],"amp_enabled":true,"_links":{"self":[{"href":"https:\/\/nvnoticias.mx\/index.php\/wp-json\/wp\/v2\/posts\/35926","targetHints":{"allow":["GET"]}}],"collection":[{"href":"https:\/\/nvnoticias.mx\/index.php\/wp-json\/wp\/v2\/posts"}],"about":[{"href":"https:\/\/nvnoticias.mx\/index.php\/wp-json\/wp\/v2\/types\/post"}],"author":[{"embeddable":true,"href":"https:\/\/nvnoticias.mx\/index.php\/wp-json\/wp\/v2\/users\/6"}],"replies":[{"embeddable":true,"href":"https:\/\/nvnoticias.mx\/index.php\/wp-json\/wp\/v2\/comments?post=35926"}],"version-history":[{"count":1,"href":"https:\/\/nvnoticias.mx\/index.php\/wp-json\/wp\/v2\/posts\/35926\/revisions"}],"predecessor-version":[{"id":35927,"href":"https:\/\/nvnoticias.mx\/index.php\/wp-json\/wp\/v2\/posts\/35926\/revisions\/35927"}],"wp:featuredmedia":[{"embeddable":true,"href":"https:\/\/nvnoticias.mx\/index.php\/wp-json\/wp\/v2\/media\/33566"}],"wp:attachment":[{"href":"https:\/\/nvnoticias.mx\/index.php\/wp-json\/wp\/v2\/media?parent=35926"}],"wp:term":[{"taxonomy":"category","embeddable":true,"href":"https:\/\/nvnoticias.mx\/index.php\/wp-json\/wp\/v2\/categories?post=35926"},{"taxonomy":"post_tag","embeddable":true,"href":"https:\/\/nvnoticias.mx\/index.php\/wp-json\/wp\/v2\/tags?post=35926"}],"curies":[{"name":"wp","href":"https:\/\/api.w.org\/{rel}","templated":true}]}}