{"id":35872,"date":"2022-01-07T13:01:58","date_gmt":"2022-01-07T19:01:58","guid":{"rendered":"https:\/\/nvnoticias.mx\/?p=35872"},"modified":"2022-01-07T13:01:59","modified_gmt":"2022-01-07T19:01:59","slug":"hay-indicios-en-crimen-ocurrido-en-fraccionamiento-de-xalapa","status":"publish","type":"post","link":"https:\/\/nvnoticias.mx\/index.php\/2022\/01\/07\/hay-indicios-en-crimen-ocurrido-en-fraccionamiento-de-xalapa\/","title":{"rendered":"Hay indicios en crimen ocurrido en fraccionamiento de Xalapa"},"content":{"rendered":"\n<p>Xalapa.- La fiscal general Ver\u00f3nica Hern\u00e1ndez Giadans, tiene indicios sobre los presuntos responsables de la agresi\u00f3n de dos adultos mayores al interior de su vivienda en el fraccionamiento El Provenir de esta ciudad.<\/p>\n\n\n\n<p>El gobernador Cuitl\u00e1huac Garc\u00eda Jim\u00e9nez dijo que se cuenta con una l\u00ednea de investigaci\u00f3n relacionada con el hecho de que este fraccionamiento cuenta con vigilancia privada y no es f\u00e1cil acceder a este.<\/p>\n\n\n\n<blockquote class=\"wp-block-quote is-layout-flow wp-block-quote-is-layout-flow\"><p>\u201cTiene seguridad privada, es una zona cerrada, no cualquiera puede acceder y eso permite que se tengan indicios muy claros del actuar de los presuntos responsables, que se va a dar con ellos\u201d, dijo.<\/p><\/blockquote>\n\n\n\n<p>Dijo que se sigue indagando e inform\u00f3 que una de las v\u00edctimas se encuentra en un estado de salud muy delicado tras la agresi\u00f3n que sufri\u00f3.<\/p>\n\n\n\n<p>Record\u00f3 que una mujer muri\u00f3 durante el ataque; en medios de comunicaci\u00f3n se ha se\u00f1alado que se trata de la esposa de Enrique Rocha Z\u00e1rate, ex director del World Trade Center.<\/p>\n\n\n\n<blockquote class=\"wp-block-quote is-layout-flow wp-block-quote-is-layout-flow\"><p>\u201cLamentablemente fueron agredidos dos personas adultas, una perdi\u00f3 la vida una se encuentra muy delicada pero la fiscal\u00eda tienen muy claro lo acontecido y por lo tanto est\u00e1 tras los responsables\u201d.<\/p><\/blockquote>\n\n\n\n<p><\/p>\n","protected":false},"excerpt":{"rendered":"<p>Xalapa.- La fiscal general Ver\u00f3nica Hern\u00e1ndez Giadans, tiene indicios sobre los presuntos responsables de la agresi\u00f3n de dos adultos mayores al interior de su vivienda en el fraccionamiento El Provenir de esta ciudad. El gobernador Cuitl\u00e1huac Garc\u00eda Jim\u00e9nez dijo que se cuenta con una l\u00ednea de investigaci\u00f3n relacionada con el hecho de que este fraccionamiento [&hellip;]<\/p>\n","protected":false},"author":6,"featured_media":35873,"comment_status":"open","ping_status":"open","sticky":false,"template":"","format":"standard","meta":{"_monsterinsights_skip_tracking":false,"_monsterinsights_sitenote_active":false,"_monsterinsights_sitenote_note":"","_monsterinsights_sitenote_category":0,"footnotes":""},"categories":[156],"tags":[336,764,312],"class_list":["post-35872","post","type-post","status-publish","format-standard","has-post-thumbnail","hentry","category-estado","tag-crimen","tag-fraccionamiento","tag-xalapa","wp-image-borders"],"amp_enabled":true,"_links":{"self":[{"href":"https:\/\/nvnoticias.mx\/index.php\/wp-json\/wp\/v2\/posts\/35872","targetHints":{"allow":["GET"]}}],"collection":[{"href":"https:\/\/nvnoticias.mx\/index.php\/wp-json\/wp\/v2\/posts"}],"about":[{"href":"https:\/\/nvnoticias.mx\/index.php\/wp-json\/wp\/v2\/types\/post"}],"author":[{"embeddable":true,"href":"https:\/\/nvnoticias.mx\/index.php\/wp-json\/wp\/v2\/users\/6"}],"replies":[{"embeddable":true,"href":"https:\/\/nvnoticias.mx\/index.php\/wp-json\/wp\/v2\/comments?post=35872"}],"version-history":[{"count":1,"href":"https:\/\/nvnoticias.mx\/index.php\/wp-json\/wp\/v2\/posts\/35872\/revisions"}],"predecessor-version":[{"id":35874,"href":"https:\/\/nvnoticias.mx\/index.php\/wp-json\/wp\/v2\/posts\/35872\/revisions\/35874"}],"wp:featuredmedia":[{"embeddable":true,"href":"https:\/\/nvnoticias.mx\/index.php\/wp-json\/wp\/v2\/media\/35873"}],"wp:attachment":[{"href":"https:\/\/nvnoticias.mx\/index.php\/wp-json\/wp\/v2\/media?parent=35872"}],"wp:term":[{"taxonomy":"category","embeddable":true,"href":"https:\/\/nvnoticias.mx\/index.php\/wp-json\/wp\/v2\/categories?post=35872"},{"taxonomy":"post_tag","embeddable":true,"href":"https:\/\/nvnoticias.mx\/index.php\/wp-json\/wp\/v2\/tags?post=35872"}],"curies":[{"name":"wp","href":"https:\/\/api.w.org\/{rel}","templated":true}]}}