{"id":35858,"date":"2022-01-07T12:05:55","date_gmt":"2022-01-07T18:05:55","guid":{"rendered":"https:\/\/nvnoticias.mx\/?p=35858"},"modified":"2022-01-07T12:05:56","modified_gmt":"2022-01-07T18:05:56","slug":"secundarias-federales-se-incorporan-a-aulas-de-manera-paulatina","status":"publish","type":"post","link":"https:\/\/nvnoticias.mx\/index.php\/2022\/01\/07\/secundarias-federales-se-incorporan-a-aulas-de-manera-paulatina\/","title":{"rendered":"Alumnos de secundarias federales se incorporan a las aulas de manera paulatina"},"content":{"rendered":"\n<p><strong>Jes\u00fas Utrilla | NV Noticias<\/strong>&nbsp;<\/p>\n\n\n\n<p>Veracruz. \u2013&nbsp;Los alumnos de secundarias federales se incorporan a las aulas de manera paulatina, se\u00f1al\u00f3 Venancio Ribera Hern\u00e1ndez, jefe del Sector 05 de Secundarias Federales.&nbsp;<\/p>\n\n\n\n<p>Asegur\u00f3 que las clases se imparten de forma segura y al momento no enfrentan problemas por contagios de coronavirus.&nbsp;<\/p>\n\n\n\n<p>Sin embargo, en su \u00e1rea al menos 6 escuelas se encuentran en mantenimiento y no hay alumnos tomando clases presenciales, pero el resto trabaja de manera normal.&nbsp;<\/p>\n\n\n\n<p>Y es que por la ausencia prolongada que se tuvo a causa del confinamiento, obligado por la pandemia, la infraestructura se da\u00f1\u00f3 y es necesario corregirla para que los estudiantes acudan a lugares seguros.&nbsp;<\/p>\n\n\n\n<blockquote class=\"wp-block-quote is-layout-flow wp-block-quote-is-layout-flow\"><p>\u201cLas escuelas que ya est\u00e1n funcionales est\u00e1n trabajando de manera regular y las que est\u00e1n en proceso de reconstrucci\u00f3n que son varias se les sigue dando mantenimiento al tema de agua potable, energ\u00eda el\u00e9ctrica, salones, puertas y ventanas y tan pronto entreguen la obra regresar\u00e1n\u201d.\u00a0<\/p><\/blockquote>\n\n\n\n<p>Afirm\u00f3 que se cuenta con los filtros sanitarios y los protocolos que se requieren para prevenir contagios en los planteles.&nbsp;<\/p>\n\n\n\n<p>Una vez que concluya el proceso de mantenimiento en las escuelas se reintegrar\u00e1n en&nbsp; su totalidad a los planteles educativos.&nbsp;<\/p>\n\n\n\n<blockquote class=\"wp-block-quote is-layout-flow wp-block-quote-is-layout-flow\"><p>\u201cTodos los que est\u00e1n regresando a clases tienen su filtro para entrar al sal\u00f3n de clases. Tenemos algunos procesos de mantenimiento de escuelas, pero todos estamos listos\u201d.\u00a0<\/p><\/blockquote>\n","protected":false},"excerpt":{"rendered":"<p>Jes\u00fas Utrilla | NV Noticias&nbsp; Veracruz. \u2013&nbsp;Los alumnos de secundarias federales se incorporan a las aulas de manera paulatina, se\u00f1al\u00f3 Venancio Ribera Hern\u00e1ndez, jefe del Sector 05 de Secundarias Federales.&nbsp; Asegur\u00f3 que las clases se imparten de forma segura y al momento no enfrentan problemas por contagios de coronavirus.&nbsp; Sin embargo, en su \u00e1rea al [&hellip;]<\/p>\n","protected":false},"author":6,"featured_media":22989,"comment_status":"open","ping_status":"open","sticky":false,"template":"","format":"standard","meta":{"_monsterinsights_skip_tracking":false,"_monsterinsights_sitenote_active":false,"_monsterinsights_sitenote_note":"","_monsterinsights_sitenote_category":0,"footnotes":""},"categories":[154],"tags":[1677,4341],"class_list":["post-35858","post","type-post","status-publish","format-standard","has-post-thumbnail","hentry","category-veracruz","tag-clases-presenciales","tag-secundaria","wp-image-borders"],"amp_enabled":true,"_links":{"self":[{"href":"https:\/\/nvnoticias.mx\/index.php\/wp-json\/wp\/v2\/posts\/35858","targetHints":{"allow":["GET"]}}],"collection":[{"href":"https:\/\/nvnoticias.mx\/index.php\/wp-json\/wp\/v2\/posts"}],"about":[{"href":"https:\/\/nvnoticias.mx\/index.php\/wp-json\/wp\/v2\/types\/post"}],"author":[{"embeddable":true,"href":"https:\/\/nvnoticias.mx\/index.php\/wp-json\/wp\/v2\/users\/6"}],"replies":[{"embeddable":true,"href":"https:\/\/nvnoticias.mx\/index.php\/wp-json\/wp\/v2\/comments?post=35858"}],"version-history":[{"count":1,"href":"https:\/\/nvnoticias.mx\/index.php\/wp-json\/wp\/v2\/posts\/35858\/revisions"}],"predecessor-version":[{"id":35859,"href":"https:\/\/nvnoticias.mx\/index.php\/wp-json\/wp\/v2\/posts\/35858\/revisions\/35859"}],"wp:featuredmedia":[{"embeddable":true,"href":"https:\/\/nvnoticias.mx\/index.php\/wp-json\/wp\/v2\/media\/22989"}],"wp:attachment":[{"href":"https:\/\/nvnoticias.mx\/index.php\/wp-json\/wp\/v2\/media?parent=35858"}],"wp:term":[{"taxonomy":"category","embeddable":true,"href":"https:\/\/nvnoticias.mx\/index.php\/wp-json\/wp\/v2\/categories?post=35858"},{"taxonomy":"post_tag","embeddable":true,"href":"https:\/\/nvnoticias.mx\/index.php\/wp-json\/wp\/v2\/tags?post=35858"}],"curies":[{"name":"wp","href":"https:\/\/api.w.org\/{rel}","templated":true}]}}