{"id":35850,"date":"2022-01-07T11:20:46","date_gmt":"2022-01-07T17:20:46","guid":{"rendered":"https:\/\/nvnoticias.mx\/?p=35850"},"modified":"2022-01-07T11:20:47","modified_gmt":"2022-01-07T17:20:47","slug":"buscaran-ampliar-el-numero-de-beneficiarios-de-programas-en-veracruz","status":"publish","type":"post","link":"https:\/\/nvnoticias.mx\/index.php\/2022\/01\/07\/buscaran-ampliar-el-numero-de-beneficiarios-de-programas-en-veracruz\/","title":{"rendered":"Buscar\u00e1n ampliar el n\u00famero de beneficiarios de programas en Veracruz"},"content":{"rendered":"\n<p><strong>Jes\u00fas Utrilla | NV Noticias<\/strong>&nbsp;<\/p>\n\n\n\n<p>Veracruz. \u2013&nbsp;Valeria Arteaga, directora regional de Programas Sociales, inform\u00f3 que durante este 2022 buscar\u00e1n ampliar el n\u00famero de beneficiarios de programas en Veracruz.&nbsp;<\/p>\n\n\n\n<p>El a\u00f1o pasado alcanzaron el mill\u00f3n de personas tan solo del sector con discapacidad.&nbsp;<\/p>\n\n\n\n<p>Se tendr\u00e1 un aumento importante de beneficiarios adultos mayores que reciban una pensi\u00f3n.&nbsp;<\/p>\n\n\n\n<blockquote class=\"wp-block-quote is-layout-flow wp-block-quote-is-layout-flow\"><p>\u201cLa intenci\u00f3n es que sin duda se siga ampliando el n\u00famero de beneficiarios, sobre todo el de adulto mayor y el de discapacidad que desde el a\u00f1o pasado llegamos al mill\u00f3n de beneficiarios\u201d.\u00a0\u00a0<\/p><\/blockquote>\n\n\n\n<p>Se prev\u00e9 alcanzar a 9 millones de adultos mayores para que reciban el recurso.&nbsp;<\/p>\n\n\n\n<p>Cada bimestre, este sector poblacional recibe 3 mil 100 pesos.&nbsp;<\/p>\n\n\n\n<p>La meta del Gobierno Federal es irlo aumentando 20 por ciento a\u00f1o con a\u00f1o, para que en 2024 los dep\u00f3sitos bimestrales sean de 6 mil pesos.&nbsp;<\/p>\n\n\n\n<blockquote class=\"wp-block-quote is-layout-flow wp-block-quote-is-layout-flow\"><p>\u201cAhorita que se est\u00e1 haciendo la transici\u00f3n de la gente que recib\u00eda su apoyo de discapacidad, que cumplieron 65 y ahora migran al de adulto mayor dejan espacios para seguir incorporando gente. En discapacidad la prioridad son los j\u00f3venes de cero a 25 a\u00f1os de edad, aunque no quiere decir que quien no tenga esa edad no lo vaya a recibir, sin embargo, por el tema del presupuesto se tuvo esta prioridad\u201d.\u00a0<\/p><\/blockquote>\n\n\n\n<p>Record\u00f3 que a inicios del mes de diciembre pasado entregaron tarjetas a beneficiarios de municipios como: Veracruz, Boca Del R\u00edo, Medell\u00edn y Jamapa.&nbsp;<\/p>\n","protected":false},"excerpt":{"rendered":"<p>Jes\u00fas Utrilla | NV Noticias&nbsp; Veracruz. \u2013&nbsp;Valeria Arteaga, directora regional de Programas Sociales, inform\u00f3 que durante este 2022 buscar\u00e1n ampliar el n\u00famero de beneficiarios de programas en Veracruz.&nbsp; El a\u00f1o pasado alcanzaron el mill\u00f3n de personas tan solo del sector con discapacidad.&nbsp; Se tendr\u00e1 un aumento importante de beneficiarios adultos mayores que reciban una pensi\u00f3n.&nbsp; [&hellip;]<\/p>\n","protected":false},"author":6,"featured_media":35852,"comment_status":"open","ping_status":"open","sticky":false,"template":"","format":"standard","meta":{"_monsterinsights_skip_tracking":false,"_monsterinsights_sitenote_active":false,"_monsterinsights_sitenote_note":"","_monsterinsights_sitenote_category":0,"footnotes":""},"categories":[154],"tags":[2550,180],"class_list":["post-35850","post","type-post","status-publish","format-standard","has-post-thumbnail","hentry","category-veracruz","tag-programas-sociales","tag-veracruz","wp-image-borders"],"amp_enabled":true,"_links":{"self":[{"href":"https:\/\/nvnoticias.mx\/index.php\/wp-json\/wp\/v2\/posts\/35850","targetHints":{"allow":["GET"]}}],"collection":[{"href":"https:\/\/nvnoticias.mx\/index.php\/wp-json\/wp\/v2\/posts"}],"about":[{"href":"https:\/\/nvnoticias.mx\/index.php\/wp-json\/wp\/v2\/types\/post"}],"author":[{"embeddable":true,"href":"https:\/\/nvnoticias.mx\/index.php\/wp-json\/wp\/v2\/users\/6"}],"replies":[{"embeddable":true,"href":"https:\/\/nvnoticias.mx\/index.php\/wp-json\/wp\/v2\/comments?post=35850"}],"version-history":[{"count":1,"href":"https:\/\/nvnoticias.mx\/index.php\/wp-json\/wp\/v2\/posts\/35850\/revisions"}],"predecessor-version":[{"id":35853,"href":"https:\/\/nvnoticias.mx\/index.php\/wp-json\/wp\/v2\/posts\/35850\/revisions\/35853"}],"wp:featuredmedia":[{"embeddable":true,"href":"https:\/\/nvnoticias.mx\/index.php\/wp-json\/wp\/v2\/media\/35852"}],"wp:attachment":[{"href":"https:\/\/nvnoticias.mx\/index.php\/wp-json\/wp\/v2\/media?parent=35850"}],"wp:term":[{"taxonomy":"category","embeddable":true,"href":"https:\/\/nvnoticias.mx\/index.php\/wp-json\/wp\/v2\/categories?post=35850"},{"taxonomy":"post_tag","embeddable":true,"href":"https:\/\/nvnoticias.mx\/index.php\/wp-json\/wp\/v2\/tags?post=35850"}],"curies":[{"name":"wp","href":"https:\/\/api.w.org\/{rel}","templated":true}]}}