{"id":35789,"date":"2022-01-06T12:24:15","date_gmt":"2022-01-06T18:24:15","guid":{"rendered":"https:\/\/nvnoticias.mx\/?p=35789"},"modified":"2022-01-06T12:24:16","modified_gmt":"2022-01-06T18:24:16","slug":"habla-selena-gomez-sobre-como-se-siente-por-estar-cerca-de-los-30","status":"publish","type":"post","link":"https:\/\/nvnoticias.mx\/index.php\/2022\/01\/06\/habla-selena-gomez-sobre-como-se-siente-por-estar-cerca-de-los-30\/","title":{"rendered":"Habla Selena Gomez sobre c\u00f3mo se siente por estar \u201ccerca de los 30\u201d"},"content":{"rendered":"\n<p>Todo apunta a que\u00a0Selena Gomez\u00a0no tiene miedo de envejecer. La estrella de \u201cOnly Murders in the Building\u201d celebrar\u00e1 su 30 cumplea\u00f1os en seis meses y en una nueva entrevista con la revista People, comparti\u00f3 c\u00f3mo se siente sobre su llegada al \u201ctercer piso\u201d. \u201cMe encanta crecer\u201d, dijo al medio.<\/p>\n\n\n\n<blockquote class=\"wp-block-quote is-layout-flow wp-block-quote-is-layout-flow\"><p>\u201cCuando era m\u00e1s joven, ten\u00eda miedo de eso, y pens\u00e9 que a estas alturas mi vida se ver\u00eda muy diferente. Pero ahora estoy como, \u2018Wow, esto no es lo que esperaba, y no podr\u00eda estar m\u00e1s emocionado\u2019. He dejado de preocuparme por lo que la gente tiene que decir, y eso ha sido maravilloso\u201d, continu\u00f3 diciendo Selena.<\/p><\/blockquote>\n\n\n\n<p>Tambi\u00e9n reflexion\u00f3 sobre otro logro emocionante, el obtener una nominaci\u00f3n en los premios Grammy de este a\u00f1o al Mejor \u00c1lbum de Pop Latino por su disco \u201cRevelaci\u00f3n\u201d. \u201c\u00a1Estoy tan emocionada!&#8230; Es genial porque puse mi coraz\u00f3n y mi alma en ese \u00e1lbum. No hablo espa\u00f1ol con fluidez, pero, curiosamente, en realidad es m\u00e1s f\u00e1cil para m\u00ed cantar en espa\u00f1ol que hablarlo\u201d, explic\u00f3 la cantante.<\/p>\n\n\n\n<p>Fuente: Publimetro<\/p>\n","protected":false},"excerpt":{"rendered":"<p>Todo apunta a que\u00a0Selena Gomez\u00a0no tiene miedo de envejecer. La estrella de \u201cOnly Murders in the Building\u201d celebrar\u00e1 su 30 cumplea\u00f1os en seis meses y en una nueva entrevista con la revista People, comparti\u00f3 c\u00f3mo se siente sobre su llegada al \u201ctercer piso\u201d. \u201cMe encanta crecer\u201d, dijo al medio. \u201cCuando era m\u00e1s joven, ten\u00eda miedo [&hellip;]<\/p>\n","protected":false},"author":35,"featured_media":23487,"comment_status":"open","ping_status":"open","sticky":false,"template":"","format":"standard","meta":{"_monsterinsights_skip_tracking":false,"_monsterinsights_sitenote_active":false,"_monsterinsights_sitenote_note":"","_monsterinsights_sitenote_category":0,"footnotes":""},"categories":[576],"tags":[8409,8408,126],"class_list":["post-35789","post","type-post","status-publish","format-standard","has-post-thumbnail","hentry","category-ocio","tag-como-se-siente","tag-habla","tag-selena-gomez","wp-image-borders"],"amp_enabled":true,"_links":{"self":[{"href":"https:\/\/nvnoticias.mx\/index.php\/wp-json\/wp\/v2\/posts\/35789","targetHints":{"allow":["GET"]}}],"collection":[{"href":"https:\/\/nvnoticias.mx\/index.php\/wp-json\/wp\/v2\/posts"}],"about":[{"href":"https:\/\/nvnoticias.mx\/index.php\/wp-json\/wp\/v2\/types\/post"}],"author":[{"embeddable":true,"href":"https:\/\/nvnoticias.mx\/index.php\/wp-json\/wp\/v2\/users\/35"}],"replies":[{"embeddable":true,"href":"https:\/\/nvnoticias.mx\/index.php\/wp-json\/wp\/v2\/comments?post=35789"}],"version-history":[{"count":1,"href":"https:\/\/nvnoticias.mx\/index.php\/wp-json\/wp\/v2\/posts\/35789\/revisions"}],"predecessor-version":[{"id":35792,"href":"https:\/\/nvnoticias.mx\/index.php\/wp-json\/wp\/v2\/posts\/35789\/revisions\/35792"}],"wp:featuredmedia":[{"embeddable":true,"href":"https:\/\/nvnoticias.mx\/index.php\/wp-json\/wp\/v2\/media\/23487"}],"wp:attachment":[{"href":"https:\/\/nvnoticias.mx\/index.php\/wp-json\/wp\/v2\/media?parent=35789"}],"wp:term":[{"taxonomy":"category","embeddable":true,"href":"https:\/\/nvnoticias.mx\/index.php\/wp-json\/wp\/v2\/categories?post=35789"},{"taxonomy":"post_tag","embeddable":true,"href":"https:\/\/nvnoticias.mx\/index.php\/wp-json\/wp\/v2\/tags?post=35789"}],"curies":[{"name":"wp","href":"https:\/\/api.w.org\/{rel}","templated":true}]}}