{"id":35730,"date":"2022-01-06T09:10:41","date_gmt":"2022-01-06T15:10:41","guid":{"rendered":"https:\/\/nvnoticias.mx\/?p=35730"},"modified":"2022-01-06T09:10:41","modified_gmt":"2022-01-06T15:10:41","slug":"la-prodeagua-carece-de-validez-juridica","status":"publish","type":"post","link":"https:\/\/nvnoticias.mx\/index.php\/2022\/01\/06\/la-prodeagua-carece-de-validez-juridica\/","title":{"rendered":"La PRODEAGUA carece de validez jur\u00eddica"},"content":{"rendered":"\n<p><strong>Jes\u00fas Utrilla | NV Noticias<\/strong>&nbsp;<\/p>\n\n\n\n<p>Veracruz. \u2013&nbsp;La Procuradur\u00eda para la Defensa de los Usuarios del Agua (PRODEAGUA) carece de validez jur\u00eddica, se\u00f1al\u00f3 el abogado \u00c9dgar Cinta Pagola.&nbsp;<\/p>\n\n\n\n<p>Coment\u00f3 que la aprobaci\u00f3n debi\u00f3 pasar por el Congreso del Estado y no solo por el cabildo porte\u00f1o.\u00a0<\/p>\n\n\n\n<p>Record\u00f3 que ya existe un \u00f3rgano para dirimir esa problem\u00e1tica, el Instituto Metropolitano del Agua (IMA) y no tiene sentido duplicar funciones.\u00a0<\/p>\n\n\n\n<p>\u00a0Dijo que es un organismo vac\u00edo jur\u00eddicamente, que tiene la supervisi\u00f3n del Instituto Metropolitano del Agua. Adem\u00e1s, no tiene facultades, ni competencias.\u00a0<\/p>\n\n\n\n<blockquote class=\"wp-block-quote is-layout-flow wp-block-quote-is-layout-flow\"><p>\u00a0&#8220;Jur\u00eddicamente el organismo que tiene la supervisi\u00f3n es el IMA, y el IMA est\u00e1 totalmente reglamentado&#8221;.\u00a0<\/p><\/blockquote>\n\n\n\n<p>Advirti\u00f3 que toda acci\u00f3n jur\u00eddica que realice la Prodeagua ser\u00e1 inv\u00e1lida, ya que carece de un reglamento o ley.\u00a0<\/p>\n\n\n\n<blockquote class=\"wp-block-quote is-layout-flow wp-block-quote-is-layout-flow\"><p>\u00a0\u201cLa Prodeagua no tiene facultades, ni competencia, debe de ser autorizado por el cabildo y por la legislatura, para que tuviera jurisdicci\u00f3n y competencia\u201d.\u00a0<\/p><\/blockquote>\n\n\n\n<p>\u00a0Insisti\u00f3 en que la Procuradur\u00eda para la Defensa de los Usuarios del Agua (PRODEAGUA) no tiene la facultad para sancionar.\u00a0<\/p>\n\n\n\n<blockquote class=\"wp-block-quote is-layout-flow wp-block-quote-is-layout-flow\"><p>\u201cTiene que tener establecido en una ley o reglamento, si no existe, es un organismo vac\u00edo.\u00a0Arbitrariamente podr\u00eda emitir sanciones administrativas, pero ser\u00eda arbitrario, si alguien se inconforma en otra instancia ah\u00ed se cancelar\u00eda\u201d.\u00a0<\/p><\/blockquote>\n\n\n\n<p>\u00a0Agreg\u00f3 que un ayuntamiento por s\u00ed solo no tiene atribuci\u00f3n para crear una Procuradur\u00eda, pues eso requiere recorrer una ruta.\u00a0<\/p>\n","protected":false},"excerpt":{"rendered":"<p>Jes\u00fas Utrilla | NV Noticias&nbsp; Veracruz. \u2013&nbsp;La Procuradur\u00eda para la Defensa de los Usuarios del Agua (PRODEAGUA) carece de validez jur\u00eddica, se\u00f1al\u00f3 el abogado \u00c9dgar Cinta Pagola.&nbsp; Coment\u00f3 que la aprobaci\u00f3n debi\u00f3 pasar por el Congreso del Estado y no solo por el cabildo porte\u00f1o.\u00a0 Record\u00f3 que ya existe un \u00f3rgano para dirimir esa problem\u00e1tica, [&hellip;]<\/p>\n","protected":false},"author":6,"featured_media":8423,"comment_status":"open","ping_status":"open","sticky":false,"template":"","format":"standard","meta":{"_monsterinsights_skip_tracking":false,"_monsterinsights_sitenote_active":false,"_monsterinsights_sitenote_note":"","_monsterinsights_sitenote_category":0,"footnotes":""},"categories":[154],"tags":[8363],"class_list":["post-35730","post","type-post","status-publish","format-standard","has-post-thumbnail","hentry","category-veracruz","tag-prodeagua","wp-image-borders"],"amp_enabled":true,"_links":{"self":[{"href":"https:\/\/nvnoticias.mx\/index.php\/wp-json\/wp\/v2\/posts\/35730","targetHints":{"allow":["GET"]}}],"collection":[{"href":"https:\/\/nvnoticias.mx\/index.php\/wp-json\/wp\/v2\/posts"}],"about":[{"href":"https:\/\/nvnoticias.mx\/index.php\/wp-json\/wp\/v2\/types\/post"}],"author":[{"embeddable":true,"href":"https:\/\/nvnoticias.mx\/index.php\/wp-json\/wp\/v2\/users\/6"}],"replies":[{"embeddable":true,"href":"https:\/\/nvnoticias.mx\/index.php\/wp-json\/wp\/v2\/comments?post=35730"}],"version-history":[{"count":1,"href":"https:\/\/nvnoticias.mx\/index.php\/wp-json\/wp\/v2\/posts\/35730\/revisions"}],"predecessor-version":[{"id":35731,"href":"https:\/\/nvnoticias.mx\/index.php\/wp-json\/wp\/v2\/posts\/35730\/revisions\/35731"}],"wp:featuredmedia":[{"embeddable":true,"href":"https:\/\/nvnoticias.mx\/index.php\/wp-json\/wp\/v2\/media\/8423"}],"wp:attachment":[{"href":"https:\/\/nvnoticias.mx\/index.php\/wp-json\/wp\/v2\/media?parent=35730"}],"wp:term":[{"taxonomy":"category","embeddable":true,"href":"https:\/\/nvnoticias.mx\/index.php\/wp-json\/wp\/v2\/categories?post=35730"},{"taxonomy":"post_tag","embeddable":true,"href":"https:\/\/nvnoticias.mx\/index.php\/wp-json\/wp\/v2\/tags?post=35730"}],"curies":[{"name":"wp","href":"https:\/\/api.w.org\/{rel}","templated":true}]}}