{"id":35664,"date":"2022-01-05T11:18:38","date_gmt":"2022-01-05T17:18:38","guid":{"rendered":"https:\/\/nvnoticias.mx\/?p=35664"},"modified":"2022-01-05T11:18:39","modified_gmt":"2022-01-05T17:18:39","slug":"inicia-este-viernes-campana-recicla-tu-navidad-de-la-sedema","status":"publish","type":"post","link":"https:\/\/nvnoticias.mx\/index.php\/2022\/01\/05\/inicia-este-viernes-campana-recicla-tu-navidad-de-la-sedema\/","title":{"rendered":"Inicia este viernes campa\u00f1a Recicla tu Navidad de la Sedema"},"content":{"rendered":"\n<p><strong>Sam Ojeda | NV Noticias<\/strong><\/p>\n\n\n\n<p>Xalapa. &#8211; Este viernes 7 de enero iniciar\u00e1 la campa\u00f1a \u201cRecicla tu Navidad\u201d, inform\u00f3 el secretario de Medio Ambiente, Juan Carlos Contreras Bautista.<\/p>\n\n\n\n<p>El funcionario llam\u00f3 a la ciudadan\u00eda a sumarse a la campa\u00f1a que busca acopiar m\u00e1s de 7 mil pinos naturales.<\/p>\n\n\n\n<p>Dijo que habr\u00e1 63 centros de acopio en distintos municipios del estado, donde los podr\u00e1n llevar los \u00e1rboles navide\u00f1os hasta el 12 de febrero.<\/p>\n\n\n\n<blockquote class=\"wp-block-quote is-layout-flow wp-block-quote-is-layout-flow\"><p>\u201cEste a\u00f1o tenemos 63 centros de acopio en varios municipios de todo el Estado, de norte a sur y en los cuales vamos a estar recibiendo los pinos de Navidad, estamos invitando a la poblaci\u00f3n a que no los convierta en basura, no pint\u00e1ndolos, a que sean naturales como los compraron en los ranchos silvicultores o en los centros comerciales\u201d.<\/p><\/blockquote>\n\n\n\n<p>Entre los municipios que se sumar\u00e1n a la campa\u00f1a est\u00e1n Coatzacoalcos, Poza Rica, C\u00f3rdoba, Emiliano Zapata, Banderilla y Xalapa.<\/p>\n\n\n\n<blockquote class=\"wp-block-quote is-layout-flow wp-block-quote-is-layout-flow\"><p>\u201cAhorita en el cambio de autoridades estamos invitando a las nuevas para que se sumen e invitarlos para que estos pinitos no ocupen espacio en los rellenos sanitarios, ya que como en estas fechas se generan muchos residuos, hay que darle preferencia a la basura que ya no se puede ocupar para que ocupe los rellenos sanitarios, y no la materia org\u00e1nica que podr\u00eda ser tratada y transformada en suelo f\u00e9rtil y composta\u201d.<\/p><\/blockquote>\n\n\n\n<p>En Xalapa algunos centros de acopio estar\u00e1n en Subdirecci\u00f3n de Gesti\u00f3n Integral de Residuos (Limpia P\u00fablica), el Parque Natura, el Jard\u00edn Bot\u00e1nico \u201cFrancisco Javier Clavijero\u201d, la Direcci\u00f3n Forestal, y otros m\u00e1s que se podr\u00e1n consultar en la p\u00e1gina web de la SEDEMA.<\/p>\n","protected":false},"excerpt":{"rendered":"<p>Sam Ojeda | NV Noticias Xalapa. &#8211; Este viernes 7 de enero iniciar\u00e1 la campa\u00f1a \u201cRecicla tu Navidad\u201d, inform\u00f3 el secretario de Medio Ambiente, Juan Carlos Contreras Bautista. El funcionario llam\u00f3 a la ciudadan\u00eda a sumarse a la campa\u00f1a que busca acopiar m\u00e1s de 7 mil pinos naturales. Dijo que habr\u00e1 63 centros de acopio [&hellip;]<\/p>\n","protected":false},"author":6,"featured_media":35665,"comment_status":"open","ping_status":"open","sticky":false,"template":"","format":"standard","meta":{"_monsterinsights_skip_tracking":false,"_monsterinsights_sitenote_active":false,"_monsterinsights_sitenote_note":"","_monsterinsights_sitenote_category":0,"footnotes":""},"categories":[156],"tags":[8369,1022],"class_list":["post-35664","post","type-post","status-publish","format-standard","has-post-thumbnail","hentry","category-estado","tag-recicla-tu-navidad","tag-sedema","wp-image-borders"],"amp_enabled":true,"_links":{"self":[{"href":"https:\/\/nvnoticias.mx\/index.php\/wp-json\/wp\/v2\/posts\/35664","targetHints":{"allow":["GET"]}}],"collection":[{"href":"https:\/\/nvnoticias.mx\/index.php\/wp-json\/wp\/v2\/posts"}],"about":[{"href":"https:\/\/nvnoticias.mx\/index.php\/wp-json\/wp\/v2\/types\/post"}],"author":[{"embeddable":true,"href":"https:\/\/nvnoticias.mx\/index.php\/wp-json\/wp\/v2\/users\/6"}],"replies":[{"embeddable":true,"href":"https:\/\/nvnoticias.mx\/index.php\/wp-json\/wp\/v2\/comments?post=35664"}],"version-history":[{"count":1,"href":"https:\/\/nvnoticias.mx\/index.php\/wp-json\/wp\/v2\/posts\/35664\/revisions"}],"predecessor-version":[{"id":35666,"href":"https:\/\/nvnoticias.mx\/index.php\/wp-json\/wp\/v2\/posts\/35664\/revisions\/35666"}],"wp:featuredmedia":[{"embeddable":true,"href":"https:\/\/nvnoticias.mx\/index.php\/wp-json\/wp\/v2\/media\/35665"}],"wp:attachment":[{"href":"https:\/\/nvnoticias.mx\/index.php\/wp-json\/wp\/v2\/media?parent=35664"}],"wp:term":[{"taxonomy":"category","embeddable":true,"href":"https:\/\/nvnoticias.mx\/index.php\/wp-json\/wp\/v2\/categories?post=35664"},{"taxonomy":"post_tag","embeddable":true,"href":"https:\/\/nvnoticias.mx\/index.php\/wp-json\/wp\/v2\/tags?post=35664"}],"curies":[{"name":"wp","href":"https:\/\/api.w.org\/{rel}","templated":true}]}}