{"id":35605,"date":"2022-01-04T13:16:18","date_gmt":"2022-01-04T19:16:18","guid":{"rendered":"https:\/\/nvnoticias.mx\/?p=35605"},"modified":"2022-01-04T13:16:18","modified_gmt":"2022-01-04T19:16:18","slug":"asume-loretta-ortiz-como-nueva-ministra-de-la-scjn","status":"publish","type":"post","link":"https:\/\/nvnoticias.mx\/index.php\/2022\/01\/04\/asume-loretta-ortiz-como-nueva-ministra-de-la-scjn\/","title":{"rendered":"Asume Loretta Ortiz como nueva ministra de la SCJN"},"content":{"rendered":"\n<p>Al inicio, el secretario general de Acuerdos de la Corte,<strong>&nbsp;Rafael Coello Cetina,<\/strong>&nbsp;dio lectura al oficio enviado por el Senado de la Rep\u00fablica en el que se informa de la&nbsp;<strong>designaci\u00f3n de la ministra.<\/strong><\/p>\n\n\n\n<p>Al evento, que se realiz\u00f3 a puerta cerrada la ministra acudi\u00f3 acompa\u00f1ada de su esposo, el titular de la Fiscal\u00eda Especializada en Delitos Electorales (Fede), Jos\u00e9 Agust\u00edn Ortiz Pinchetti.<\/p>\n\n\n\n<p>El ministro Alfredo Guti\u00e9rrez Ortiz Mena dirigi\u00f3 unas palabras a la nueva ministra en las que destac\u00f3 que Ortiz Ahlf proviene de una familia compuesta en su mayor\u00eda de m\u00e9dicos, por lo que no es raro que ese legado de b\u00fasqueda de protecci\u00f3n de derechos humanos y de la vida, se vea reflejado en su vida profesional en el campo del Derecho.<\/p>\n\n\n\n<p>Record\u00f3 que aunque el proceso de designaci\u00f3n de Loretta Ortiz, como el de todos los dem\u00e1s ministros, tiene tintes pol\u00edticos, una vez que ellos reciben la toga se comprometen con la neutralidad con la que deben actuar como jueces constitucionales.<\/p>\n\n\n\n<p>Posteriormente, la ministra Loretta Ortiz Ahlf dirigi\u00f3 unas palabras a sus compa\u00f1eros en las que afirm\u00f3 estar comprometida a buscar criterios consensuados acordes a la realidad social que est\u00e1 en constante cambio.<\/p>\n\n\n\n<p>\u201cMi papel como ministra de la Suprema Corte de Justicia de la Naci\u00f3n revestir\u00e1 en todo momento de la independencia imparcialidad y autonom\u00eda que resultan esenciales para el adecuado ejercicio de la funci\u00f3n jurisdiccional\u201d, dijo.<\/p>\n\n\n\n<p>Finalmente, el ministro presidente, Arturo Zald\u00edvar propuso a sus compa\u00f1eros adscribir a la ministra Loretta Ortiz a la Segunda Sala, en la vacante que dej\u00f3 el reci\u00e9n retirado ministro Fernando Franco, por lo que durante los pr\u00f3ximos 15 a\u00f1os, la ministra atender\u00e1 asuntos de \u00edndole administrativa, laboral, seguridad social, fiscal, entre otros.<\/p>\n\n\n\n<p>Fuente: El universal<\/p>\n","protected":false},"excerpt":{"rendered":"<p>Al inicio, el secretario general de Acuerdos de la Corte,&nbsp;Rafael Coello Cetina,&nbsp;dio lectura al oficio enviado por el Senado de la Rep\u00fablica en el que se informa de la&nbsp;designaci\u00f3n de la ministra. Al evento, que se realiz\u00f3 a puerta cerrada la ministra acudi\u00f3 acompa\u00f1ada de su esposo, el titular de la Fiscal\u00eda Especializada en Delitos [&hellip;]<\/p>\n","protected":false},"author":35,"featured_media":31798,"comment_status":"open","ping_status":"open","sticky":false,"template":"","format":"standard","meta":{"_monsterinsights_skip_tracking":false,"_monsterinsights_sitenote_active":false,"_monsterinsights_sitenote_note":"","_monsterinsights_sitenote_category":0,"footnotes":""},"categories":[158],"tags":[8364,5111,7730,3194],"class_list":["post-35605","post","type-post","status-publish","format-standard","has-post-thumbnail","hentry","category-politica","tag-loretta-ortiz","tag-ministra","tag-nueva","tag-scjn","wp-image-borders"],"amp_enabled":true,"_links":{"self":[{"href":"https:\/\/nvnoticias.mx\/index.php\/wp-json\/wp\/v2\/posts\/35605","targetHints":{"allow":["GET"]}}],"collection":[{"href":"https:\/\/nvnoticias.mx\/index.php\/wp-json\/wp\/v2\/posts"}],"about":[{"href":"https:\/\/nvnoticias.mx\/index.php\/wp-json\/wp\/v2\/types\/post"}],"author":[{"embeddable":true,"href":"https:\/\/nvnoticias.mx\/index.php\/wp-json\/wp\/v2\/users\/35"}],"replies":[{"embeddable":true,"href":"https:\/\/nvnoticias.mx\/index.php\/wp-json\/wp\/v2\/comments?post=35605"}],"version-history":[{"count":1,"href":"https:\/\/nvnoticias.mx\/index.php\/wp-json\/wp\/v2\/posts\/35605\/revisions"}],"predecessor-version":[{"id":35608,"href":"https:\/\/nvnoticias.mx\/index.php\/wp-json\/wp\/v2\/posts\/35605\/revisions\/35608"}],"wp:featuredmedia":[{"embeddable":true,"href":"https:\/\/nvnoticias.mx\/index.php\/wp-json\/wp\/v2\/media\/31798"}],"wp:attachment":[{"href":"https:\/\/nvnoticias.mx\/index.php\/wp-json\/wp\/v2\/media?parent=35605"}],"wp:term":[{"taxonomy":"category","embeddable":true,"href":"https:\/\/nvnoticias.mx\/index.php\/wp-json\/wp\/v2\/categories?post=35605"},{"taxonomy":"post_tag","embeddable":true,"href":"https:\/\/nvnoticias.mx\/index.php\/wp-json\/wp\/v2\/tags?post=35605"}],"curies":[{"name":"wp","href":"https:\/\/api.w.org\/{rel}","templated":true}]}}