{"id":3552,"date":"2021-02-05T09:54:24","date_gmt":"2021-02-05T15:54:24","guid":{"rendered":"https:\/\/nvnoticias.mx\/?p=3552"},"modified":"2021-02-05T09:54:25","modified_gmt":"2021-02-05T15:54:25","slug":"camara-de-eu-expulsa-a-la-republicana-marjorie-taylor-greene-de-los-comites","status":"publish","type":"post","link":"https:\/\/nvnoticias.mx\/index.php\/2021\/02\/05\/camara-de-eu-expulsa-a-la-republicana-marjorie-taylor-greene-de-los-comites\/","title":{"rendered":"C\u00e1mara de EU expulsa a la republicana Marjorie Taylor Greene de los comit\u00e9s"},"content":{"rendered":"\n<p class=\"wp-block-paragraph\">Por haber promovido a trav\u00e9s de sus redes sociales la violencia en contra de los dem\u00f3cratas, el racismo y teor\u00edas conspiracionistas,  el Congreso estadounidense, la C\u00e1mara de Representantes vot\u00f3 este jueves  a favor de quitarle a una de las seguidoras de Donald Trump las asignaciones que ten\u00eda en dos comit\u00e9s de alto perfil. <\/p>\n\n\n\n<p class=\"wp-block-paragraph\">Los dem\u00f3cratas de la C\u00e1mara de Representantes lograron la mayor\u00eda que necesitaban para quitarle a Taylor Greene las asignaciones que ten\u00eda en los comit\u00e9s del Presupuesto, y de Educaci\u00f3n y Trabajo.\u00a0<\/p>\n\n\n\n<p class=\"wp-block-paragraph\">Con una votaci\u00f3n dividida entre <strong>230 votos a favor y 199 en contra<\/strong>. Un pu\u00f1ado de republicanos -11 en total- respaldaron la resoluci\u00f3n que presentaron los dem\u00f3cratas en contra de Greene.\u00a0<\/p>\n\n\n\n<p class=\"wp-block-paragraph\">En la pr\u00e1ctica, despojar a un congresista de sus asignaciones en los comit\u00e9s los priva de los beneficios que obtienen de ese cargo, como ayudar a abordar las necesidades de sus distritos, aumentar las contribuciones de campa\u00f1a y dar forma a la legislaci\u00f3n. Adem\u00e1s, es inusual que los l\u00edderes de los partidos expulsen a los legisladores de los comit\u00e9s.\u00a0<\/p>\n\n\n\n<p class=\"wp-block-paragraph\">Fuente: <a href=\"https:\/\/www.france24.com\/es\/ee-uu-y-canad\u00e1\/20210205-estados-unidos-camara-despoja-marjorie-taylor-greene-qanon\">France24<\/a><\/p>\n\n\n\n<p class=\"wp-block-paragraph\"><a rel=\"noreferrer noopener\" href=\"https:\/\/www.facebook.com\/dialog\/share?app_id=121241974571942&amp;href=https%3A%2F%2Ff24.my%2F7Ku2.F&amp;redirect_uri=https%3A%2F%2Fwww.france24.com%2Fes%2Fee-uu-y-canad%C3%A1%2F20210205-estados-unidos-camara-despoja-marjorie-taylor-greene-qanon&amp;locale=es_LA\" target=\"_blank\"><\/a><a rel=\"noreferrer noopener\" href=\"https:\/\/web.whatsapp.com\/send?text=EE.%20UU.%3A%20la%20C%C3%A1mara%20expulsa%20a%20la%20republicana%20Marjorie%20Taylor%20Greene%20de%20los%20comit%C3%A9s%20-%20https%3A%2F%2Ff24.my%2F7Ku2.W\" target=\"_blank\"><\/a><a rel=\"noreferrer noopener\" href=\"https:\/\/twitter.com\/intent\/tweet?url=https%3A%2F%2Ff24.my%2F7Ku2.T&amp;via=France24_es&amp;related=Mariaclaguirre&amp;text=EE.%20UU.%3A%20la%20C%C3%A1mara%20expulsa%20a%20la%20republicana%20Marjorie%20Taylor%20Greene%20de%20los%20comit%C3%A9s&amp;lang=es\" target=\"_blank\"><\/a><\/p>\n","protected":false},"excerpt":{"rendered":"<p>Por haber promovido a trav\u00e9s de sus redes sociales la violencia en contra de los dem\u00f3cratas, el racismo y teor\u00edas conspiracionistas, el Congreso estadounidense, la C\u00e1mara de Representantes vot\u00f3 este jueves a favor de quitarle a una de las seguidoras de Donald Trump las asignaciones que ten\u00eda en dos comit\u00e9s de alto perfil. Los dem\u00f3cratas [&hellip;]<\/p>\n","protected":false},"author":6,"featured_media":3553,"comment_status":"open","ping_status":"open","sticky":false,"template":"","format":"standard","meta":{"_monsterinsights_skip_tracking":false,"footnotes":""},"categories":[181],"tags":[1062,230,1061],"class_list":["post-3552","post","type-post","status-publish","format-standard","has-post-thumbnail","hentry","category-internacional","tag-congreso-estados-unidos","tag-donald-trump","tag-marjorie-taylor-greene","wp-image-borders"],"amp_enabled":true,"_links":{"self":[{"href":"https:\/\/nvnoticias.mx\/index.php\/wp-json\/wp\/v2\/posts\/3552","targetHints":{"allow":["GET"]}}],"collection":[{"href":"https:\/\/nvnoticias.mx\/index.php\/wp-json\/wp\/v2\/posts"}],"about":[{"href":"https:\/\/nvnoticias.mx\/index.php\/wp-json\/wp\/v2\/types\/post"}],"author":[{"embeddable":true,"href":"https:\/\/nvnoticias.mx\/index.php\/wp-json\/wp\/v2\/users\/6"}],"replies":[{"embeddable":true,"href":"https:\/\/nvnoticias.mx\/index.php\/wp-json\/wp\/v2\/comments?post=3552"}],"version-history":[{"count":1,"href":"https:\/\/nvnoticias.mx\/index.php\/wp-json\/wp\/v2\/posts\/3552\/revisions"}],"predecessor-version":[{"id":3554,"href":"https:\/\/nvnoticias.mx\/index.php\/wp-json\/wp\/v2\/posts\/3552\/revisions\/3554"}],"wp:featuredmedia":[{"embeddable":true,"href":"https:\/\/nvnoticias.mx\/index.php\/wp-json\/wp\/v2\/media\/3553"}],"wp:attachment":[{"href":"https:\/\/nvnoticias.mx\/index.php\/wp-json\/wp\/v2\/media?parent=3552"}],"wp:term":[{"taxonomy":"category","embeddable":true,"href":"https:\/\/nvnoticias.mx\/index.php\/wp-json\/wp\/v2\/categories?post=3552"},{"taxonomy":"post_tag","embeddable":true,"href":"https:\/\/nvnoticias.mx\/index.php\/wp-json\/wp\/v2\/tags?post=3552"}],"curies":[{"name":"wp","href":"https:\/\/api.w.org\/{rel}","templated":true}]}}