{"id":35513,"date":"2022-01-03T12:17:17","date_gmt":"2022-01-03T18:17:17","guid":{"rendered":"https:\/\/nvnoticias.mx\/?p=35513"},"modified":"2022-01-03T12:17:18","modified_gmt":"2022-01-03T18:17:18","slug":"inicia-aplicacion-de-refuerzo-anticovid-a-personal-de-salud-en-veracruz","status":"publish","type":"post","link":"https:\/\/nvnoticias.mx\/index.php\/2022\/01\/03\/inicia-aplicacion-de-refuerzo-anticovid-a-personal-de-salud-en-veracruz\/","title":{"rendered":"Inicia aplicaci\u00f3n de refuerzo anticovid a personal de salud en Veracruz"},"content":{"rendered":"\n<p><strong>Sam Ojeda | NV Noticias<\/strong>&nbsp;<\/p>\n\n\n\n<p>Xalapa. &#8211; Este lunes reinici\u00f3 la vacunaci\u00f3n contra el covid-19 en 100&nbsp;municipios de Veracruz, en los que se aplicar\u00e1n dosis a menores de 15 a\u00f1os en adelante,&nbsp;incluidos&nbsp;los mayores de 60 a\u00f1os que recibir\u00e1n el refuerzo de la vacuna.&nbsp;&nbsp;<\/p>\n\n\n\n<p>El delegado&nbsp;federal Manuel Huerta Ladr\u00f3n de Guevara inform\u00f3 que&nbsp;tambi\u00e9n se&nbsp;iniciar\u00e1 con la&nbsp;aplicaci\u00f3n de una dosis de&nbsp;refuerzo a maestros y personal de salud.&nbsp;&nbsp;<\/p>\n\n\n\n<p>Detall\u00f3&nbsp;que comenzar\u00e1n los operativos de vacunaci\u00f3n en m\u00e1s de 30 municipios para el refuerzo a los adultos mayores de 60 a\u00f1os y en 47 municipios a la poblaci\u00f3n de 15 a 17 a\u00f1os en segunda dosis.&nbsp;&nbsp;<\/p>\n\n\n\n<p>Dijo que del 3 hasta el 7 de enero se vacunar\u00e1 al personal del sector salud en 74 centros de salud de diversos hospitales; de este grupo se atender\u00e1 a m\u00e1s de 70 mil trabajadores que est\u00e1n en primera l\u00ednea de atenci\u00f3n al&nbsp;covid.&nbsp;<\/p>\n\n\n\n<p>A\u00f1adi\u00f3 que el a\u00f1o pasado se cerr\u00f3 con un estimado del 80 por&nbsp;ciento&nbsp;de la poblaci\u00f3n vacunada al menos en primera dosis.&nbsp;<\/p>\n\n\n\n<p>El\u00a0funcionario agreg\u00f3 que hasta la fecha el total de vacunas en primera y segunda dosis que se han aplicado para todos los sectores asciende ya a\u00a0los 10 millones\u00a0de dosis.\u00a0<\/p>\n","protected":false},"excerpt":{"rendered":"<p>Sam Ojeda | NV Noticias&nbsp; Xalapa. &#8211; Este lunes reinici\u00f3 la vacunaci\u00f3n contra el covid-19 en 100&nbsp;municipios de Veracruz, en los que se aplicar\u00e1n dosis a menores de 15 a\u00f1os en adelante,&nbsp;incluidos&nbsp;los mayores de 60 a\u00f1os que recibir\u00e1n el refuerzo de la vacuna.&nbsp;&nbsp; El delegado&nbsp;federal Manuel Huerta Ladr\u00f3n de Guevara inform\u00f3 que&nbsp;tambi\u00e9n se&nbsp;iniciar\u00e1 con la&nbsp;aplicaci\u00f3n [&hellip;]<\/p>\n","protected":false},"author":6,"featured_media":35514,"comment_status":"open","ping_status":"open","sticky":false,"template":"","format":"standard","meta":{"_monsterinsights_skip_tracking":false,"_monsterinsights_sitenote_active":false,"_monsterinsights_sitenote_note":"","_monsterinsights_sitenote_category":0,"footnotes":""},"categories":[156],"tags":[1842,3128,162,217],"class_list":["post-35513","post","type-post","status-publish","format-standard","has-post-thumbnail","hentry","category-estado","tag-anticovid","tag-personal-de-salud","tag-portada","tag-vacuna","wp-image-borders"],"amp_enabled":true,"_links":{"self":[{"href":"https:\/\/nvnoticias.mx\/index.php\/wp-json\/wp\/v2\/posts\/35513","targetHints":{"allow":["GET"]}}],"collection":[{"href":"https:\/\/nvnoticias.mx\/index.php\/wp-json\/wp\/v2\/posts"}],"about":[{"href":"https:\/\/nvnoticias.mx\/index.php\/wp-json\/wp\/v2\/types\/post"}],"author":[{"embeddable":true,"href":"https:\/\/nvnoticias.mx\/index.php\/wp-json\/wp\/v2\/users\/6"}],"replies":[{"embeddable":true,"href":"https:\/\/nvnoticias.mx\/index.php\/wp-json\/wp\/v2\/comments?post=35513"}],"version-history":[{"count":1,"href":"https:\/\/nvnoticias.mx\/index.php\/wp-json\/wp\/v2\/posts\/35513\/revisions"}],"predecessor-version":[{"id":35515,"href":"https:\/\/nvnoticias.mx\/index.php\/wp-json\/wp\/v2\/posts\/35513\/revisions\/35515"}],"wp:featuredmedia":[{"embeddable":true,"href":"https:\/\/nvnoticias.mx\/index.php\/wp-json\/wp\/v2\/media\/35514"}],"wp:attachment":[{"href":"https:\/\/nvnoticias.mx\/index.php\/wp-json\/wp\/v2\/media?parent=35513"}],"wp:term":[{"taxonomy":"category","embeddable":true,"href":"https:\/\/nvnoticias.mx\/index.php\/wp-json\/wp\/v2\/categories?post=35513"},{"taxonomy":"post_tag","embeddable":true,"href":"https:\/\/nvnoticias.mx\/index.php\/wp-json\/wp\/v2\/tags?post=35513"}],"curies":[{"name":"wp","href":"https:\/\/api.w.org\/{rel}","templated":true}]}}