{"id":35473,"date":"2022-01-03T10:14:15","date_gmt":"2022-01-03T16:14:15","guid":{"rendered":"https:\/\/nvnoticias.mx\/?p=35473"},"modified":"2022-01-03T10:14:16","modified_gmt":"2022-01-03T16:14:16","slug":"sedesol-no-descarta-apoyo-a-desempleados-durante-este-ano","status":"publish","type":"post","link":"https:\/\/nvnoticias.mx\/index.php\/2022\/01\/03\/sedesol-no-descarta-apoyo-a-desempleados-durante-este-ano\/","title":{"rendered":"Sedesol no descarta apoyo a desempleados durante este a\u00f1o"},"content":{"rendered":"\n<p><strong>Sam Ojeda | NV Noticias<\/strong>&nbsp;<\/p>\n\n\n\n<p>Xalapa. &#8211; Este a\u00f1o la Secretar\u00eda de Desarrollo Social (Sedesol) no descarta destinar recursos para programas emergentes de apoyo a la poblaci\u00f3n desempleada.&nbsp;&nbsp;<\/p>\n\n\n\n<p>El secretario de Desarrollo Social, Guillermo Fern\u00e1ndez S\u00e1nchez, acept\u00f3 que no se tiene presupuestado actualmente este tipo de apoyos y que todo depender\u00e1 del comportamiento de la pandemia por covid-19 en el 2022.&nbsp;&nbsp;<\/p>\n\n\n\n<blockquote class=\"wp-block-quote is-layout-flow wp-block-quote-is-layout-flow\"><p>\u201cLos programas son emergentes, estamos preparados para aportar y trabajar en algunos programas\u00a0emergentes,\u00a0pero esperemos que no sea el caso porque depende del o cr\u00edtico que sea la pandemia, pero si se requiriera estaremos apoyando\u201d.\u00a0<\/p><\/blockquote>\n\n\n\n<p>Lo anterior, dado que los especialistas advierten que la presencia de la variante \u00f3micron de covid-19 ha generado incremento en los casos, y en algunos pa\u00edses ya han comenzado con el cierre de actividades, tal como ocurri\u00f3 en 2020.&nbsp;<\/p>\n\n\n\n<p>A ello se suma que a inicios del siguiente a\u00f1o se espera una inflaci\u00f3n incluso superior al 7 por ciento, que podr\u00eda reflejarse en mayor desempleo y complejidad de personas en situaci\u00f3n de vulnerabilidad para comprar productos b\u00e1sicos.&nbsp;&nbsp;<\/p>\n\n\n\n<p>Ante ello, Fern\u00e1ndez S\u00e1nchez indic\u00f3 que esperan no tener que redirigirlo recurso, aunque insisti\u00f3 en que si es necesario ose tendr\u00e1 que crear un programa emergente.&nbsp;<\/p>\n","protected":false},"excerpt":{"rendered":"<p>Sam Ojeda | NV Noticias&nbsp; Xalapa. &#8211; Este a\u00f1o la Secretar\u00eda de Desarrollo Social (Sedesol) no descarta destinar recursos para programas emergentes de apoyo a la poblaci\u00f3n desempleada.&nbsp;&nbsp; El secretario de Desarrollo Social, Guillermo Fern\u00e1ndez S\u00e1nchez, acept\u00f3 que no se tiene presupuestado actualmente este tipo de apoyos y que todo depender\u00e1 del comportamiento de la [&hellip;]<\/p>\n","protected":false},"author":6,"featured_media":35474,"comment_status":"open","ping_status":"open","sticky":false,"template":"","format":"standard","meta":{"_monsterinsights_skip_tracking":false,"_monsterinsights_sitenote_active":false,"_monsterinsights_sitenote_note":"","_monsterinsights_sitenote_category":0,"footnotes":""},"categories":[156],"tags":[2001,1983],"class_list":["post-35473","post","type-post","status-publish","format-standard","has-post-thumbnail","hentry","category-estado","tag-desempleados","tag-sedesol","wp-image-borders"],"amp_enabled":true,"_links":{"self":[{"href":"https:\/\/nvnoticias.mx\/index.php\/wp-json\/wp\/v2\/posts\/35473","targetHints":{"allow":["GET"]}}],"collection":[{"href":"https:\/\/nvnoticias.mx\/index.php\/wp-json\/wp\/v2\/posts"}],"about":[{"href":"https:\/\/nvnoticias.mx\/index.php\/wp-json\/wp\/v2\/types\/post"}],"author":[{"embeddable":true,"href":"https:\/\/nvnoticias.mx\/index.php\/wp-json\/wp\/v2\/users\/6"}],"replies":[{"embeddable":true,"href":"https:\/\/nvnoticias.mx\/index.php\/wp-json\/wp\/v2\/comments?post=35473"}],"version-history":[{"count":1,"href":"https:\/\/nvnoticias.mx\/index.php\/wp-json\/wp\/v2\/posts\/35473\/revisions"}],"predecessor-version":[{"id":35475,"href":"https:\/\/nvnoticias.mx\/index.php\/wp-json\/wp\/v2\/posts\/35473\/revisions\/35475"}],"wp:featuredmedia":[{"embeddable":true,"href":"https:\/\/nvnoticias.mx\/index.php\/wp-json\/wp\/v2\/media\/35474"}],"wp:attachment":[{"href":"https:\/\/nvnoticias.mx\/index.php\/wp-json\/wp\/v2\/media?parent=35473"}],"wp:term":[{"taxonomy":"category","embeddable":true,"href":"https:\/\/nvnoticias.mx\/index.php\/wp-json\/wp\/v2\/categories?post=35473"},{"taxonomy":"post_tag","embeddable":true,"href":"https:\/\/nvnoticias.mx\/index.php\/wp-json\/wp\/v2\/tags?post=35473"}],"curies":[{"name":"wp","href":"https:\/\/api.w.org\/{rel}","templated":true}]}}