{"id":35463,"date":"2022-01-03T09:23:28","date_gmt":"2022-01-03T15:23:28","guid":{"rendered":"https:\/\/nvnoticias.mx\/?p=35463"},"modified":"2022-01-03T09:23:30","modified_gmt":"2022-01-03T15:23:30","slug":"norte-dejo-danos-en-13-municipios","status":"publish","type":"post","link":"https:\/\/nvnoticias.mx\/index.php\/2022\/01\/03\/norte-dejo-danos-en-13-municipios\/","title":{"rendered":"Norte dej\u00f3 da\u00f1os en 13 municipios"},"content":{"rendered":"\n<p><strong>Sam Ojeda | NV Noticias<\/strong>&nbsp;<\/p>\n\n\n\n<p>Xalapa. &#8211; El evento del norte registrado en Veracruz, derivado del frente fr\u00edo n\u00famero 19, caus\u00f3 afectaciones en por lo menos 13 municipios de la entidad.&nbsp;<br>&nbsp;<br>La Secretar\u00eda de Protecci\u00f3n Civil inform\u00f3 que los da\u00f1os fueron principalmente&nbsp;ca\u00edda&nbsp;de \u00e1rboles. En el municipio de Tihuatl\u00e1n se reportan 2 personas lesionadas por la ca\u00edda de una rama en una vivienda.&nbsp;<br>&nbsp;<br>En el Puerto de Veracruz cayeron ventanas de cristal de la Torre Centro, ubicada en Arista y Xicot\u00e9ncatl, por lo que fue acordonada, adem\u00e1s hubo ca\u00edda de 2 postes de energ\u00eda el\u00e9ctrica en Raz y Guzm\u00e1n esquina Calle del Sol, frente al Instituto Tecnol\u00f3gico de Veracruz.&nbsp;<br>&nbsp;<br>En Xalapa se&nbsp;registr\u00f3 la&nbsp;ca\u00edda de 18 \u00e1rboles, incluyendo la ca\u00edda de uno ubicado frente al Congreso del Estado en la Av. Encanto, que ya ha sido atendido por el municipio.&nbsp;<br>&nbsp;<br>Por cu\u00e1nto hace a Coatepec se report\u00f3 el&nbsp;destechamiento&nbsp;de una vivienda en la localidad Puente Seco, as\u00ed como la ca\u00edda de 5 \u00e1rboles; en Tihuatl\u00e1n se&nbsp;registr\u00f3 la&nbsp;ca\u00edda de un \u00e1rbol y una vivienda afectada por la ca\u00edda de una rama, lesionando a 2 personas por la ca\u00edda de l\u00e1minas.&nbsp;<br>&nbsp;<br>En Ozuluama se cay\u00f3 un domo en la galera de la escuela de San Gregorio; en Cerro Azul se reporta la ca\u00edda de un domo en los terrenos de la Feria.&nbsp;<br>&nbsp;<br>Adem\u00e1s, en&nbsp;Tamal\u00edn&nbsp;se report\u00f3 la ca\u00edda de un domo del sal\u00f3n de usos m\u00faltiples de la Comunidad Ejido Rinc\u00f3n; en Banderilla se registr\u00f3 la ca\u00edda de una barda en la calle Cuauht\u00e9moc de la Col. Centro.&nbsp;<br>&nbsp;<br>En La Antigua, Emiliano Zapata, Guti\u00e9rrez Zamora, Naranjos Amatl\u00e1n y Pueblo Viejo se reportan ca\u00edda de \u00e1rboles en varios puntos de sus territorios.&nbsp;<\/p>\n","protected":false},"excerpt":{"rendered":"<p>Sam Ojeda | NV Noticias&nbsp; Xalapa. &#8211; El evento del norte registrado en Veracruz, derivado del frente fr\u00edo n\u00famero 19, caus\u00f3 afectaciones en por lo menos 13 municipios de la entidad.&nbsp;&nbsp;La Secretar\u00eda de Protecci\u00f3n Civil inform\u00f3 que los da\u00f1os fueron principalmente&nbsp;ca\u00edda&nbsp;de \u00e1rboles. En el municipio de Tihuatl\u00e1n se reportan 2 personas lesionadas por la ca\u00edda [&hellip;]<\/p>\n","protected":false},"author":6,"featured_media":658,"comment_status":"open","ping_status":"open","sticky":false,"template":"","format":"standard","meta":{"_monsterinsights_skip_tracking":false,"_monsterinsights_sitenote_active":false,"_monsterinsights_sitenote_note":"","_monsterinsights_sitenote_category":0,"footnotes":""},"categories":[156],"tags":[596,267,162],"class_list":["post-35463","post","type-post","status-publish","format-standard","has-post-thumbnail","hentry","category-estado","tag-danos","tag-norte","tag-portada","wp-image-borders"],"amp_enabled":true,"_links":{"self":[{"href":"https:\/\/nvnoticias.mx\/index.php\/wp-json\/wp\/v2\/posts\/35463","targetHints":{"allow":["GET"]}}],"collection":[{"href":"https:\/\/nvnoticias.mx\/index.php\/wp-json\/wp\/v2\/posts"}],"about":[{"href":"https:\/\/nvnoticias.mx\/index.php\/wp-json\/wp\/v2\/types\/post"}],"author":[{"embeddable":true,"href":"https:\/\/nvnoticias.mx\/index.php\/wp-json\/wp\/v2\/users\/6"}],"replies":[{"embeddable":true,"href":"https:\/\/nvnoticias.mx\/index.php\/wp-json\/wp\/v2\/comments?post=35463"}],"version-history":[{"count":1,"href":"https:\/\/nvnoticias.mx\/index.php\/wp-json\/wp\/v2\/posts\/35463\/revisions"}],"predecessor-version":[{"id":35464,"href":"https:\/\/nvnoticias.mx\/index.php\/wp-json\/wp\/v2\/posts\/35463\/revisions\/35464"}],"wp:featuredmedia":[{"embeddable":true,"href":"https:\/\/nvnoticias.mx\/index.php\/wp-json\/wp\/v2\/media\/658"}],"wp:attachment":[{"href":"https:\/\/nvnoticias.mx\/index.php\/wp-json\/wp\/v2\/media?parent=35463"}],"wp:term":[{"taxonomy":"category","embeddable":true,"href":"https:\/\/nvnoticias.mx\/index.php\/wp-json\/wp\/v2\/categories?post=35463"},{"taxonomy":"post_tag","embeddable":true,"href":"https:\/\/nvnoticias.mx\/index.php\/wp-json\/wp\/v2\/tags?post=35463"}],"curies":[{"name":"wp","href":"https:\/\/api.w.org\/{rel}","templated":true}]}}