{"id":35429,"date":"2022-01-02T14:03:32","date_gmt":"2022-01-02T20:03:32","guid":{"rendered":"https:\/\/nvnoticias.mx\/?p=35429"},"modified":"2022-01-02T14:03:32","modified_gmt":"2022-01-02T20:03:32","slug":"mas-inflacion-violencia-y-escasez-si-no-se-corrige-el-rumbo-julen-rementeria","status":"publish","type":"post","link":"https:\/\/nvnoticias.mx\/index.php\/2022\/01\/02\/mas-inflacion-violencia-y-escasez-si-no-se-corrige-el-rumbo-julen-rementeria\/","title":{"rendered":"M\u00e1s inflaci\u00f3n, violencia y escasez si no se corrige el rumbo: Julen Rementer\u00eda"},"content":{"rendered":"\n<p>Por la irresponsabilidad de Morena, las familias seguir\u00e1n padeciendo incremento en los precios de productos b\u00e1sicos, violencia, inseguridad, desempleo, escasez de medicamentos y falta de atenci\u00f3n m\u00e9dica, y nada va a cambiar si no se corrige el rumbo, advirti\u00f3 el coordinador de la bancada panista en el Senado de la Rep\u00fablica, Julen Rementer\u00eda del Puerto.<\/p>\n\n\n\n<blockquote class=\"wp-block-quote is-layout-flow wp-block-quote-is-layout-flow\"><p>\u201cCerramos el 2021 con la inflaci\u00f3n m\u00e1s alta en m\u00e1s de 20 a\u00f1os, rompiendo r\u00e9cord en asesinatos, con 4 millones m\u00e1s de pobres, con el mayor desabasto de medicinas, con miles de ni\u00f1as, ni\u00f1os y mujeres sin tratamiento para el c\u00e1ncer, con el cierre de m\u00e1s de un mill\u00f3n de empresas; un a\u00f1o m\u00e1s de pura palabrer\u00eda y nada de resultados\u201d, sostuvo el senador por Veracruz.<\/p><\/blockquote>\n\n\n\n<p>Tendremos una cuesta de enero m\u00e1s adversa que en otros a\u00f1os, pues la inflaci\u00f3n continuar\u00e1 en aumento, ya que el Banco de M\u00e9xico pronostica que para el primer trimestre del 2022 estar\u00e1 en 6.7 por ciento, m\u00e1s del doble de su objetivo.<\/p>\n\n\n\n<p>Adem\u00e1s, dijo, la recuperaci\u00f3n econ\u00f3mica en todo el mundo ser\u00e1 m\u00e1s lenta a causa de la variante \u00d3micron y si a eso se le suma la incompetencia e irresponsabilidad del encargado de la manejar la pandemia, el subsecretario Hugo L\u00f3pez-Gatell, en M\u00e9xico la situaci\u00f3n ser\u00e1 a\u00fan m\u00e1s dif\u00edcil.<\/p>\n\n\n\n<blockquote class=\"wp-block-quote is-layout-flow wp-block-quote-is-layout-flow\"><p>\u201cSi de por s\u00ed ha subido el gas, la gasolina, la electricidad y los productos b\u00e1sicos, menos va a alcanzar para comprar lo necesario\u201d, lament\u00f3.<\/p><\/blockquote>\n\n\n\n<p>Hace un a\u00f1o, record\u00f3, el tanque de gas de 30 kg costaba 580 pesos y hoy cuesta 625 pesos; el pollo pas\u00f3 de 39 a 56 pesos el kg y la leche de 16 a 24 pesos.<\/p>\n\n\n\n<p>A ello, abund\u00f3, se suma el rechazo de empresas para invertir en M\u00e9xico por la necedad de Morena de impulsar una reforma el\u00e9ctrica que perjudica la salud, el medio ambiente y la generaci\u00f3n de empleos.<\/p>\n\n\n\n<blockquote class=\"wp-block-quote is-layout-flow wp-block-quote-is-layout-flow\"><p>\u201cEsa es la realidad, eso es lo que viven las familias d\u00eda a d\u00eda, y eso es lo que seguiremos padeciendo por la irresponsabilidad de Morena. Lamentablemente no se ve c\u00f3mo las cosas puedan mejorar si no se corrige el rumbo\u201d, insisti\u00f3.<\/p><\/blockquote>\n\n\n\n<p>Rementer\u00eda del Puerto subray\u00f3 que desde el Senado el PAN insistir\u00e1 en cambios para que se apoye la salud, se modifique la estrategia de seguridad, para que se incentive el empleo, las energ\u00edas limpias, para que se apoye la ciencia y la educaci\u00f3n, as\u00ed como a productores y a emprendedores.<\/p>\n\n\n\n<blockquote class=\"wp-block-quote is-layout-flow wp-block-quote-is-layout-flow\"><p>\u201cVamos a insistir en una agenda para que las familias vivan mejor: con mejor atenci\u00f3n m\u00e9dica, m\u00e1s protegidas y con mayor ingreso\u201d, indic\u00f3.<\/p><\/blockquote>\n","protected":false},"excerpt":{"rendered":"<p>Por la irresponsabilidad de Morena, las familias seguir\u00e1n padeciendo incremento en los precios de productos b\u00e1sicos, violencia, inseguridad, desempleo, escasez de medicamentos y falta de atenci\u00f3n m\u00e9dica, y nada va a cambiar si no se corrige el rumbo, advirti\u00f3 el coordinador de la bancada panista en el Senado de la Rep\u00fablica, Julen Rementer\u00eda del Puerto. [&hellip;]<\/p>\n","protected":false},"author":7,"featured_media":35430,"comment_status":"open","ping_status":"open","sticky":false,"template":"","format":"standard","meta":{"_monsterinsights_skip_tracking":false,"_monsterinsights_sitenote_active":false,"_monsterinsights_sitenote_note":"","_monsterinsights_sitenote_category":0,"footnotes":""},"categories":[158],"tags":[4715,2978,808,203],"class_list":["post-35429","post","type-post","status-publish","format-standard","has-post-thumbnail","hentry","category-politica","tag-escasez","tag-inflacion","tag-julen-rementeria","tag-violencia","wp-image-borders"],"amp_enabled":true,"_links":{"self":[{"href":"https:\/\/nvnoticias.mx\/index.php\/wp-json\/wp\/v2\/posts\/35429","targetHints":{"allow":["GET"]}}],"collection":[{"href":"https:\/\/nvnoticias.mx\/index.php\/wp-json\/wp\/v2\/posts"}],"about":[{"href":"https:\/\/nvnoticias.mx\/index.php\/wp-json\/wp\/v2\/types\/post"}],"author":[{"embeddable":true,"href":"https:\/\/nvnoticias.mx\/index.php\/wp-json\/wp\/v2\/users\/7"}],"replies":[{"embeddable":true,"href":"https:\/\/nvnoticias.mx\/index.php\/wp-json\/wp\/v2\/comments?post=35429"}],"version-history":[{"count":1,"href":"https:\/\/nvnoticias.mx\/index.php\/wp-json\/wp\/v2\/posts\/35429\/revisions"}],"predecessor-version":[{"id":35431,"href":"https:\/\/nvnoticias.mx\/index.php\/wp-json\/wp\/v2\/posts\/35429\/revisions\/35431"}],"wp:featuredmedia":[{"embeddable":true,"href":"https:\/\/nvnoticias.mx\/index.php\/wp-json\/wp\/v2\/media\/35430"}],"wp:attachment":[{"href":"https:\/\/nvnoticias.mx\/index.php\/wp-json\/wp\/v2\/media?parent=35429"}],"wp:term":[{"taxonomy":"category","embeddable":true,"href":"https:\/\/nvnoticias.mx\/index.php\/wp-json\/wp\/v2\/categories?post=35429"},{"taxonomy":"post_tag","embeddable":true,"href":"https:\/\/nvnoticias.mx\/index.php\/wp-json\/wp\/v2\/tags?post=35429"}],"curies":[{"name":"wp","href":"https:\/\/api.w.org\/{rel}","templated":true}]}}