{"id":35363,"date":"2021-12-31T12:53:55","date_gmt":"2021-12-31T18:53:55","guid":{"rendered":"https:\/\/nvnoticias.mx\/?p=35363"},"modified":"2021-12-31T12:53:56","modified_gmt":"2021-12-31T18:53:56","slug":"senador-se-pronuncia-contra-desaparicion-de-poderes-en-veracruz","status":"publish","type":"post","link":"https:\/\/nvnoticias.mx\/index.php\/2021\/12\/31\/senador-se-pronuncia-contra-desaparicion-de-poderes-en-veracruz\/","title":{"rendered":"Senador se pronuncia en contra de desaparici\u00f3n de poderes en Veracruz"},"content":{"rendered":"\n<p><strong>Sam Ojeda | NV Noticias<\/strong>&nbsp;<\/p>\n\n\n\n<p>Xalapa. &#8211; El senador Ernesto P\u00e9rez Astorga se dijo en contra de desaparecer poderes en Veracruz ante la creaci\u00f3n de una comisi\u00f3n especial para analizar las posibles violaciones al estado de derecho.&nbsp;<\/p>\n\n\n\n<p>Dijo en el caso de la detenci\u00f3n del secretario t\u00e9cnico del Senado, Jos\u00e9 Manuel \u201cN\u201d, es algo que compete exclusivamente al Poder Judicial y que por tanto no son competencia del Poder Legislativo y en el caso de ultrajes a la autoridad es un tema local.&nbsp;&nbsp;<\/p>\n\n\n\n<blockquote class=\"wp-block-quote is-layout-flow wp-block-quote-is-layout-flow\"><p>\u201cEs una persona que se les estima, trabajamos en conjunto y esperamos que pronto se resuelva su situaci\u00f3n, sabemos que hay todo un procedimiento. El Senado de la Rep\u00fablica no tiene la facultad de ver temas de los poderes judiciales, es un tema de un Poder Judicial que tendr\u00e1 que desahogarse en los juzgados\u201d.\u00a0<\/p><\/blockquote>\n\n\n\n<p>Sobre la pol\u00e9mica generada por las detenciones por el delito de ultrajes a la autoridad, indic\u00f3 que es un tema que debe dirimirse de manera local, pero asegur\u00f3 que las detenciones se han hecho con apego a la ley.&nbsp;&nbsp;<\/p>\n\n\n\n<p>Asegur\u00f3 que, en la detenci\u00f3n de seis j\u00f3venes en una plaza de Xalapa, que permanecieron tres meses en prisi\u00f3n se\u00f1alados por el delito de ultrajes a la autoridad, s\u00ed hubo una agresi\u00f3n contra polic\u00edas, a pesar de que la Comisi\u00f3n Nacional de Derechos Humanos (CNDH) emiti\u00f3 una recomendaci\u00f3n al Gobernador del estado por la violaci\u00f3n de los derechos humanos de los j\u00f3venes.&nbsp;&nbsp;<\/p>\n\n\n\n<blockquote class=\"wp-block-quote is-layout-flow wp-block-quote-is-layout-flow\"><p>\u201cCreo que est\u00e1 muy lejos de esa situaci\u00f3n, sin duda me queda claro que hay un tema medi\u00e1tico, de presi\u00f3n al Gobierno y lo que debemos entender es que el de Cuitl\u00e1huac Garc\u00eda es un gobierno leg\u00edtimo, que gan\u00f3 por mayor\u00eda en el estado y que ha trabajo en pro de la justicia. Si nos vamos a los hechos y a las pruebas que se presentan cuando se detienen a los j\u00f3venes es un hecho posterior al pleito que hubo con los polic\u00edas; s\u00ed hubo una agresi\u00f3n hacia los polic\u00edas, est\u00e1n los videos\u201d. \u00a0\u00a0<\/p><\/blockquote>\n","protected":false},"excerpt":{"rendered":"<p>Sam Ojeda | NV Noticias&nbsp; Xalapa. &#8211; El senador Ernesto P\u00e9rez Astorga se dijo en contra de desaparecer poderes en Veracruz ante la creaci\u00f3n de una comisi\u00f3n especial para analizar las posibles violaciones al estado de derecho.&nbsp; Dijo en el caso de la detenci\u00f3n del secretario t\u00e9cnico del Senado, Jos\u00e9 Manuel \u201cN\u201d, es algo que [&hellip;]<\/p>\n","protected":false},"author":6,"featured_media":35366,"comment_status":"open","ping_status":"open","sticky":false,"template":"","format":"standard","meta":{"_monsterinsights_skip_tracking":false,"_monsterinsights_sitenote_active":false,"_monsterinsights_sitenote_note":"","_monsterinsights_sitenote_category":0,"footnotes":""},"categories":[156],"tags":[8124,180],"class_list":["post-35363","post","type-post","status-publish","format-standard","has-post-thumbnail","hentry","category-estado","tag-desaparicion-de-poderes","tag-veracruz","wp-image-borders"],"amp_enabled":true,"_links":{"self":[{"href":"https:\/\/nvnoticias.mx\/index.php\/wp-json\/wp\/v2\/posts\/35363","targetHints":{"allow":["GET"]}}],"collection":[{"href":"https:\/\/nvnoticias.mx\/index.php\/wp-json\/wp\/v2\/posts"}],"about":[{"href":"https:\/\/nvnoticias.mx\/index.php\/wp-json\/wp\/v2\/types\/post"}],"author":[{"embeddable":true,"href":"https:\/\/nvnoticias.mx\/index.php\/wp-json\/wp\/v2\/users\/6"}],"replies":[{"embeddable":true,"href":"https:\/\/nvnoticias.mx\/index.php\/wp-json\/wp\/v2\/comments?post=35363"}],"version-history":[{"count":1,"href":"https:\/\/nvnoticias.mx\/index.php\/wp-json\/wp\/v2\/posts\/35363\/revisions"}],"predecessor-version":[{"id":35364,"href":"https:\/\/nvnoticias.mx\/index.php\/wp-json\/wp\/v2\/posts\/35363\/revisions\/35364"}],"wp:featuredmedia":[{"embeddable":true,"href":"https:\/\/nvnoticias.mx\/index.php\/wp-json\/wp\/v2\/media\/35366"}],"wp:attachment":[{"href":"https:\/\/nvnoticias.mx\/index.php\/wp-json\/wp\/v2\/media?parent=35363"}],"wp:term":[{"taxonomy":"category","embeddable":true,"href":"https:\/\/nvnoticias.mx\/index.php\/wp-json\/wp\/v2\/categories?post=35363"},{"taxonomy":"post_tag","embeddable":true,"href":"https:\/\/nvnoticias.mx\/index.php\/wp-json\/wp\/v2\/tags?post=35363"}],"curies":[{"name":"wp","href":"https:\/\/api.w.org\/{rel}","templated":true}]}}